{"id":27445,"date":"2023-02-27T08:54:11","date_gmt":"2023-02-27T07:54:11","guid":{"rendered":"https:\/\/jarltech.blog\/?p=27445"},"modified":"2023-05-30T17:32:24","modified_gmt":"2023-05-30T15:32:24","slug":"e-ora-di-mettersi-al-lavoro","status":"publish","type":"post","link":"https:\/\/jarltech.blog\/it\/computer-portatili\/e-ora-di-mettersi-al-lavoro","title":{"rendered":"\u00c8 ora di mettersi al lavoro!"},"content":{"rendered":"\n<h2 class=\"has-text-color wp-block-heading\" style=\"color:#ee3124\"><strong>Il nuovo computer Android indossabile CW45 permette al personale di avere entrambe le mani libere, aumentando cos\u00ec la produttivit\u00e0.<\/strong><\/h2>\n\n\n\n<p class=\"caps\"><strong>Aumentate la produttivit\u00e0 degli addetti al magazzino, alla logistica, alla produzione e alla vendita al dettaglio! Mostrate ai vostri clienti il nuovo computer Android indossabile di Honeywell, il CW45: \u00e8 leggero, estremamente compatto e ha un baricentro basso. Si adatta facilmente all&#8217;utente (e non viceversa) ed \u00e8 quindi il compagno perfetto per chi vuole dare il massimo!&nbsp;<\/strong><\/p>\n\n\n\n<div class=\"wp-block-columns has-background is-layout-flex wp-container-core-columns-is-layout-9d6595d7 wp-block-columns-is-layout-flex\" style=\"background-color:#f1f1f1\">\n<div class=\"wp-block-column is-layout-flow wp-block-column-is-layout-flow\" style=\"flex-basis:5%\"><\/div>\n\n\n\n<div class=\"wp-block-column is-layout-flow wp-block-column-is-layout-flow\">\n<div style=\"height:30px\" aria-hidden=\"true\" class=\"wp-block-spacer\"><\/div>\n\n\n\n<p class=\"has-text-color has-medium-font-size\" style=\"color:#ee3124\"><strong>CW45:<\/strong><\/p>\n\n\n\n<ul class=\"wp-block-list\"><li>Computer Android indossabile<\/li><li>Display multi-touch da 4,7&#8243; resistente ai graffi (Gorilla Glass 5)<\/li><li>Dimensioni: 133 x 86 x 14 mm; peso: 292 g<\/li><li>Processore octa-core Qualcomm QCS4290\/QCM4290, 6 GB di RAM DDR4x, 64 GB di memoria flash<\/li><li>Batteria da 3.400 mAh (standard) o 6.800 mAh (estesa)<\/li><li>IP65\/IP67, MIL-STD-810H, resiste a cadute da 1,8 m<\/li><li>USB, NFC, Wi-Fi 6 e 2&#215;2 MU-MIMO, Bluetooth 5.1 e Low Energy<\/li><li>Con Mobility Edge, supporta da Android 13 a 15<\/li><\/ul>\n<\/div>\n\n\n\n<div class=\"wp-block-column is-layout-flow wp-block-column-is-layout-flow\"><div class=\"wp-block-image\">\n<figure class=\"aligncenter size-large\"><img loading=\"lazy\" decoding=\"async\" width=\"1024\" height=\"1024\" src=\"https:\/\/jarltech.blog\/a\/wp-content\/uploads\/2023\/02\/Produktbild_it-1024x1024.png\" alt=\"\" class=\"wp-image-27458\" srcset=\"https:\/\/jarltech.blog\/a\/wp-content\/uploads\/2023\/02\/Produktbild_it-1024x1024.png 1024w, https:\/\/jarltech.blog\/a\/wp-content\/uploads\/2023\/02\/Produktbild_it-300x300.png 300w, https:\/\/jarltech.blog\/a\/wp-content\/uploads\/2023\/02\/Produktbild_it-150x150.png 150w, https:\/\/jarltech.blog\/a\/wp-content\/uploads\/2023\/02\/Produktbild_it-768x768.png 768w, https:\/\/jarltech.blog\/a\/wp-content\/uploads\/2023\/02\/Produktbild_it-1536x1536.png 1536w, https:\/\/jarltech.blog\/a\/wp-content\/uploads\/2023\/02\/Produktbild_it.png 1600w\" sizes=\"auto, (max-width: 1024px) 100vw, 1024px\" \/><\/figure>\n<\/div>\n\n\n<div class=\"wp-block-buttons is-content-justification-center is-layout-flex wp-container-core-buttons-is-layout-16018d1d wp-block-buttons-is-layout-flex\">\n<div class=\"wp-block-button has-custom-font-size\" style=\"font-size:18px\"><a class=\"wp-block-button__link has-background\" href=\"https:\/\/www.jarltech.com\/2007\/artikel.php?language=it&amp;sort=hersteller&amp;kat_id=Honeywell&amp;gotoartikel=honeywell_cw45\" style=\"background-color:#ee3124\" target=\"_blank\" rel=\"noreferrer noopener\">Per saperne di pi\u00f9<\/a><\/div>\n<\/div>\n\n\n\n<div style=\"height:45px\" aria-hidden=\"true\" class=\"wp-block-spacer\"><\/div>\n<\/div>\n\n\n\n<div class=\"wp-block-column is-layout-flow wp-block-column-is-layout-flow\" style=\"flex-basis:5%\"><\/div>\n<\/div>\n\n\n\n<div class=\"wp-block-columns is-layout-flex wp-container-core-columns-is-layout-9d6595d7 wp-block-columns-is-layout-flex\">\n<div class=\"wp-block-column is-layout-flow wp-block-column-is-layout-flow\">\n<p class=\"has-text-color\" style=\"color:#ee3124\"><strong><strong><strong><strong>Addio perditempo, benvenuto CW45!<\/strong><\/strong><\/strong><\/strong><\/p>\n\n\n\n<p>Chi lavora tutto il giorno con un mobile computer, deve spesso posarlo per avere entrambe le mani libere e poter fare altro. Di conseguenza, deve spesso camminare avanti e indietro per andare a recuperarlo. Nella frenesia quotidiana, capita spesso di dimenticarlo da qualche parte e non trovarlo pi\u00f9. Pensate al tempo che viene sprecato, dipendente dopo dipendente, giorno dopo giorno, azienda per azienda. Ne risulterebbe un conto piuttosto salato! Con il CW45, i vostri clienti possono trasformare il tempo perso in tempo produttivo. Essendo attaccato all\u2019avambraccio, il CW45 non deve essere appoggiato da nessuna parte. Non lo si perde o dimentica, facendo cos\u00ec risparmiare al personale lunghe camminate e ricerche!<\/p>\n\n\n\n<p class=\"has-text-color\" style=\"color:#ee3124\"><strong><strong><strong>Compatibilit\u00e0 versatile<\/strong><\/strong><\/strong><\/p>\n\n\n\n<p>Il CW45 \u00e8 decisamente smart: utilizza anche gli strumenti software di Operational Intelligence Asset Optimisation e Smart Talk Unified Communications, in modo che i vostri clienti possano ottenere il massimo (software opzionali). Inoltre, \u00e8 dotato di NFC <em>tap-to-pair<\/em> che consente di collegare rapidamente accessori come lo scanner 8675i, cuffie e altro. \u00c8 disponibile anche una tastiera estesa per le operazioni di inserimento dati.<\/p>\n<\/div>\n\n\n\n<div class=\"wp-block-column is-layout-flow wp-block-column-is-layout-flow\">\n<p class=\"has-text-color\" style=\"color:#ee3124\"><strong><strong><strong>Ottime prestazioni<\/strong><\/strong><\/strong><\/p>\n\n\n\n<p>Il CW45 \u00e8 dotato di display multi-touch resistente ai graffi da 4,7&#8243;, uno dei display indossabili pi\u00f9 grandi sul mercato. Il sistema operativo Android 12 aggiornabile e il potente processore garantiscono prestazioni eccellenti per tutte le attivit\u00e0. Il CW45 resiste anche alle cadute: \u00e8 certificato IP65\/67 e resistente alle cadute da 1,8 metri di altezza. Rispetto ai modelli simili, ha molto spazio di archiviazione (6 GB di RAM), 64 GB di memoria flash e, come extra speciale, una fotocamera frontale da 8 MP e una laterale da 13 MP. Per questo, pu\u00f2 essere usato per le videochiamate, per documentare i danni da consegna ecc. \u00c8 dotato di Wi-Fi 6 veloce, che garantisce una migliore comunicazione video e vocale anche in aree ad alta densit\u00e0 di rete. La batteria da 3.400 mAh garantisce ottime prestazioni per un intero turno di lavoro. La batteria estesa da 6.800 mAh offre il doppio della potenza. Entrambe le batterie sono intercambiabili.<\/p>\n\n\n\n<p class=\"has-text-color\" style=\"color:#ee3124\"><strong><strong><strong>Un investimento sul lungo termine<\/strong><\/strong><\/strong><\/p>\n\n\n\n<p>\u00bfSus clientes quieren realizar una inversi\u00f3n segura a largo plazo? En ese caso, pres\u00e9nteles el CW45, basado en la plataforma Mobility Edge de Honeywell. As\u00ed pues, viene excepcionalmente preparado para el futuro: cuenta con soporte garantizado para Android 13 y con un compromiso de soporte para Android 14 y Android 15 sujeto a viabilidad.<\/p>\n<\/div>\n<\/div>\n\n\n\n<div class=\"wp-block-columns is-layout-flex wp-container-core-columns-is-layout-9d6595d7 wp-block-columns-is-layout-flex\">\n<div class=\"wp-block-column is-layout-flow wp-block-column-is-layout-flow\"><\/div>\n\n\n\n<div class=\"wp-block-column is-layout-flow wp-block-column-is-layout-flow\"><\/div>\n<\/div>\n\n\n\n<div class=\"wp-block-columns is-layout-flex wp-container-core-columns-is-layout-9d6595d7 wp-block-columns-is-layout-flex\">\n<div class=\"wp-block-column is-layout-flow wp-block-column-is-layout-flow\" style=\"flex-basis:66.66%\">\n<p class=\"has-text-color\" style=\"color:#ee3124\"><strong>Aumentate la produttivit\u00e0 dei vostri clienti ordinando subito il nuovo computer Honeywell indossabile, il CW45, presso il vostro riferimento commerciale!<\/strong><\/p>\n<\/div>\n\n\n\n<div class=\"wp-block-column is-layout-flow wp-block-column-is-layout-flow\" style=\"flex-basis:33.33%\">\n<figure class=\"wp-block-image size-large\"><img loading=\"lazy\" decoding=\"async\" width=\"1024\" height=\"205\" src=\"https:\/\/jarltech.blog\/a\/wp-content\/uploads\/2021\/09\/Honeywell_Logo_RGB_Red-1024x205.png\" alt=\"\" class=\"wp-image-13989\" srcset=\"https:\/\/jarltech.blog\/a\/wp-content\/uploads\/2021\/09\/Honeywell_Logo_RGB_Red-1024x205.png 1024w, https:\/\/jarltech.blog\/a\/wp-content\/uploads\/2021\/09\/Honeywell_Logo_RGB_Red-300x60.png 300w, https:\/\/jarltech.blog\/a\/wp-content\/uploads\/2021\/09\/Honeywell_Logo_RGB_Red-768x154.png 768w, https:\/\/jarltech.blog\/a\/wp-content\/uploads\/2021\/09\/Honeywell_Logo_RGB_Red.png 1094w\" sizes=\"auto, (max-width: 1024px) 100vw, 1024px\" \/><\/figure>\n<\/div>\n<\/div>\n","protected":false},"excerpt":{"rendered":"<p>Il nuovo computer Android indossabile CW45 permette al personale di avere entrambe le mani libere, aumentando cos\u00ec la produttivit\u00e0. Aumentate la produttivit\u00e0 degli addetti al magazzino, alla logistica, alla produzione<\/p>\n","protected":false},"author":12,"featured_media":27392,"comment_status":"closed","ping_status":"closed","sticky":false,"template":"","format":"standard","meta":{"footnotes":""},"categories":[114],"tags":[],"class_list":["post-27445","post","type-post","status-publish","format-standard","has-post-thumbnail","hentry","category-computer-portatili"],"yoast_head":"<!-- This site is optimized with the Yoast SEO plugin v27.5 - https:\/\/yoast.com\/product\/yoast-seo-wordpress\/ -->\n<title>\u00c8 ora di mettersi al lavoro! - Jarltech.blog<\/title>\n<meta name=\"robots\" content=\"index, follow, max-snippet:-1, max-image-preview:large, max-video-preview:-1\" \/>\n<link rel=\"canonical\" href=\"https:\/\/jarltech.blog\/it\/computer-portatili\/e-ora-di-mettersi-al-lavoro\" \/>\n<meta name=\"twitter:card\" content=\"summary_large_image\" \/>\n<meta name=\"twitter:title\" content=\"\u00c8 ora di mettersi al lavoro! - Jarltech.blog\" \/>\n<meta name=\"twitter:description\" content=\"Il nuovo computer Android indossabile CW45 permette al personale di avere entrambe le mani libere, aumentando cos\u00ec la produttivit\u00e0. Aumentate la produttivit\u00e0 degli addetti al magazzino, alla logistica, alla produzione\" \/>\n<meta name=\"twitter:image\" content=\"https:\/\/jarltech.blog\/a\/wp-content\/uploads\/2023\/02\/Wordpress_Titelbilden.png\" \/>\n<meta name=\"twitter:creator\" content=\"@jarltech\" \/>\n<meta name=\"twitter:site\" content=\"@jarltech\" \/>\n<meta name=\"twitter:label1\" content=\"Written by\" \/>\n\t<meta name=\"twitter:data1\" content=\"Aurelien Honnert\" \/>\n\t<meta name=\"twitter:label2\" content=\"Est. reading time\" \/>\n\t<meta name=\"twitter:data2\" content=\"4 minutes\" \/>\n<script type=\"application\/ld+json\" class=\"yoast-schema-graph\">{\"@context\":\"https:\\\/\\\/schema.org\",\"@graph\":[{\"@type\":\"Article\",\"@id\":\"https:\\\/\\\/jarltech.blog\\\/it\\\/computer-portatili\\\/e-ora-di-mettersi-al-lavoro#article\",\"isPartOf\":{\"@id\":\"https:\\\/\\\/jarltech.blog\\\/it\\\/computer-portatili\\\/e-ora-di-mettersi-al-lavoro\"},\"author\":{\"name\":\"Aurelien Honnert\",\"@id\":\"https:\\\/\\\/jarltech.blog\\\/#\\\/schema\\\/person\\\/d8946967213f9b209ebea75d5a59986e\"},\"headline\":\"\u00c8 ora di mettersi al lavoro!\",\"datePublished\":\"2023-02-27T07:54:11+00:00\",\"dateModified\":\"2023-05-30T15:32:24+00:00\",\"mainEntityOfPage\":{\"@id\":\"https:\\\/\\\/jarltech.blog\\\/it\\\/computer-portatili\\\/e-ora-di-mettersi-al-lavoro\"},\"wordCount\":549,\"image\":{\"@id\":\"https:\\\/\\\/jarltech.blog\\\/it\\\/computer-portatili\\\/e-ora-di-mettersi-al-lavoro#primaryimage\"},\"thumbnailUrl\":\"https:\\\/\\\/jarltech.blog\\\/a\\\/wp-content\\\/uploads\\\/2023\\\/02\\\/Wordpress_Titelbilden.png\",\"articleSection\":[\"Computer portatili\"],\"inLanguage\":\"it-IT\"},{\"@type\":\"WebPage\",\"@id\":\"https:\\\/\\\/jarltech.blog\\\/it\\\/computer-portatili\\\/e-ora-di-mettersi-al-lavoro\",\"url\":\"https:\\\/\\\/jarltech.blog\\\/it\\\/computer-portatili\\\/e-ora-di-mettersi-al-lavoro\",\"name\":\"\u00c8 ora di mettersi al lavoro! - Jarltech.blog\",\"isPartOf\":{\"@id\":\"https:\\\/\\\/jarltech.blog\\\/#website\"},\"primaryImageOfPage\":{\"@id\":\"https:\\\/\\\/jarltech.blog\\\/it\\\/computer-portatili\\\/e-ora-di-mettersi-al-lavoro#primaryimage\"},\"image\":{\"@id\":\"https:\\\/\\\/jarltech.blog\\\/it\\\/computer-portatili\\\/e-ora-di-mettersi-al-lavoro#primaryimage\"},\"thumbnailUrl\":\"https:\\\/\\\/jarltech.blog\\\/a\\\/wp-content\\\/uploads\\\/2023\\\/02\\\/Wordpress_Titelbilden.png\",\"datePublished\":\"2023-02-27T07:54:11+00:00\",\"dateModified\":\"2023-05-30T15:32:24+00:00\",\"author\":{\"@id\":\"https:\\\/\\\/jarltech.blog\\\/#\\\/schema\\\/person\\\/d8946967213f9b209ebea75d5a59986e\"},\"breadcrumb\":{\"@id\":\"https:\\\/\\\/jarltech.blog\\\/it\\\/computer-portatili\\\/e-ora-di-mettersi-al-lavoro#breadcrumb\"},\"inLanguage\":\"it-IT\",\"potentialAction\":[{\"@type\":\"ReadAction\",\"target\":[\"https:\\\/\\\/jarltech.blog\\\/it\\\/computer-portatili\\\/e-ora-di-mettersi-al-lavoro\"]}]},{\"@type\":\"ImageObject\",\"inLanguage\":\"it-IT\",\"@id\":\"https:\\\/\\\/jarltech.blog\\\/it\\\/computer-portatili\\\/e-ora-di-mettersi-al-lavoro#primaryimage\",\"url\":\"https:\\\/\\\/jarltech.blog\\\/a\\\/wp-content\\\/uploads\\\/2023\\\/02\\\/Wordpress_Titelbilden.png\",\"contentUrl\":\"https:\\\/\\\/jarltech.blog\\\/a\\\/wp-content\\\/uploads\\\/2023\\\/02\\\/Wordpress_Titelbilden.png\",\"width\":1200,\"height\":545},{\"@type\":\"BreadcrumbList\",\"@id\":\"https:\\\/\\\/jarltech.blog\\\/it\\\/computer-portatili\\\/e-ora-di-mettersi-al-lavoro#breadcrumb\",\"itemListElement\":[{\"@type\":\"ListItem\",\"position\":1,\"name\":\"Startseite\",\"item\":\"https:\\\/\\\/jarltech.blog\\\/it\"},{\"@type\":\"ListItem\",\"position\":2,\"name\":\"\u00c8 ora di mettersi al lavoro!\"}]},{\"@type\":\"WebSite\",\"@id\":\"https:\\\/\\\/jarltech.blog\\\/#website\",\"url\":\"https:\\\/\\\/jarltech.blog\\\/\",\"name\":\"Jarltech.blog\",\"description\":\"\",\"potentialAction\":[{\"@type\":\"SearchAction\",\"target\":{\"@type\":\"EntryPoint\",\"urlTemplate\":\"https:\\\/\\\/jarltech.blog\\\/?s={search_term_string}\"},\"query-input\":{\"@type\":\"PropertyValueSpecification\",\"valueRequired\":true,\"valueName\":\"search_term_string\"}}],\"inLanguage\":\"it-IT\"},{\"@type\":\"Person\",\"@id\":\"https:\\\/\\\/jarltech.blog\\\/#\\\/schema\\\/person\\\/d8946967213f9b209ebea75d5a59986e\",\"name\":\"Aurelien Honnert\",\"sameAs\":[\"http:\\\/\\\/jarltech.blog\"]}]}<\/script>\n<!-- \/ Yoast SEO plugin. -->","yoast_head_json":{"title":"\u00c8 ora di mettersi al lavoro! - Jarltech.blog","robots":{"index":"index","follow":"follow","max-snippet":"max-snippet:-1","max-image-preview":"max-image-preview:large","max-video-preview":"max-video-preview:-1"},"canonical":"https:\/\/jarltech.blog\/it\/computer-portatili\/e-ora-di-mettersi-al-lavoro","twitter_card":"summary_large_image","twitter_title":"\u00c8 ora di mettersi al lavoro! - Jarltech.blog","twitter_description":"Il nuovo computer Android indossabile CW45 permette al personale di avere entrambe le mani libere, aumentando cos\u00ec la produttivit\u00e0. Aumentate la produttivit\u00e0 degli addetti al magazzino, alla logistica, alla produzione","twitter_image":"https:\/\/jarltech.blog\/a\/wp-content\/uploads\/2023\/02\/Wordpress_Titelbilden.png","twitter_creator":"@jarltech","twitter_site":"@jarltech","twitter_misc":{"Written by":"Aurelien Honnert","Est. reading time":"4 minutes"},"schema":{"@context":"https:\/\/schema.org","@graph":[{"@type":"Article","@id":"https:\/\/jarltech.blog\/it\/computer-portatili\/e-ora-di-mettersi-al-lavoro#article","isPartOf":{"@id":"https:\/\/jarltech.blog\/it\/computer-portatili\/e-ora-di-mettersi-al-lavoro"},"author":{"name":"Aurelien Honnert","@id":"https:\/\/jarltech.blog\/#\/schema\/person\/d8946967213f9b209ebea75d5a59986e"},"headline":"\u00c8 ora di mettersi al lavoro!","datePublished":"2023-02-27T07:54:11+00:00","dateModified":"2023-05-30T15:32:24+00:00","mainEntityOfPage":{"@id":"https:\/\/jarltech.blog\/it\/computer-portatili\/e-ora-di-mettersi-al-lavoro"},"wordCount":549,"image":{"@id":"https:\/\/jarltech.blog\/it\/computer-portatili\/e-ora-di-mettersi-al-lavoro#primaryimage"},"thumbnailUrl":"https:\/\/jarltech.blog\/a\/wp-content\/uploads\/2023\/02\/Wordpress_Titelbilden.png","articleSection":["Computer portatili"],"inLanguage":"it-IT"},{"@type":"WebPage","@id":"https:\/\/jarltech.blog\/it\/computer-portatili\/e-ora-di-mettersi-al-lavoro","url":"https:\/\/jarltech.blog\/it\/computer-portatili\/e-ora-di-mettersi-al-lavoro","name":"\u00c8 ora di mettersi al lavoro! - Jarltech.blog","isPartOf":{"@id":"https:\/\/jarltech.blog\/#website"},"primaryImageOfPage":{"@id":"https:\/\/jarltech.blog\/it\/computer-portatili\/e-ora-di-mettersi-al-lavoro#primaryimage"},"image":{"@id":"https:\/\/jarltech.blog\/it\/computer-portatili\/e-ora-di-mettersi-al-lavoro#primaryimage"},"thumbnailUrl":"https:\/\/jarltech.blog\/a\/wp-content\/uploads\/2023\/02\/Wordpress_Titelbilden.png","datePublished":"2023-02-27T07:54:11+00:00","dateModified":"2023-05-30T15:32:24+00:00","author":{"@id":"https:\/\/jarltech.blog\/#\/schema\/person\/d8946967213f9b209ebea75d5a59986e"},"breadcrumb":{"@id":"https:\/\/jarltech.blog\/it\/computer-portatili\/e-ora-di-mettersi-al-lavoro#breadcrumb"},"inLanguage":"it-IT","potentialAction":[{"@type":"ReadAction","target":["https:\/\/jarltech.blog\/it\/computer-portatili\/e-ora-di-mettersi-al-lavoro"]}]},{"@type":"ImageObject","inLanguage":"it-IT","@id":"https:\/\/jarltech.blog\/it\/computer-portatili\/e-ora-di-mettersi-al-lavoro#primaryimage","url":"https:\/\/jarltech.blog\/a\/wp-content\/uploads\/2023\/02\/Wordpress_Titelbilden.png","contentUrl":"https:\/\/jarltech.blog\/a\/wp-content\/uploads\/2023\/02\/Wordpress_Titelbilden.png","width":1200,"height":545},{"@type":"BreadcrumbList","@id":"https:\/\/jarltech.blog\/it\/computer-portatili\/e-ora-di-mettersi-al-lavoro#breadcrumb","itemListElement":[{"@type":"ListItem","position":1,"name":"Startseite","item":"https:\/\/jarltech.blog\/it"},{"@type":"ListItem","position":2,"name":"\u00c8 ora di mettersi al lavoro!"}]},{"@type":"WebSite","@id":"https:\/\/jarltech.blog\/#website","url":"https:\/\/jarltech.blog\/","name":"Jarltech.blog","description":"","potentialAction":[{"@type":"SearchAction","target":{"@type":"EntryPoint","urlTemplate":"https:\/\/jarltech.blog\/?s={search_term_string}"},"query-input":{"@type":"PropertyValueSpecification","valueRequired":true,"valueName":"search_term_string"}}],"inLanguage":"it-IT"},{"@type":"Person","@id":"https:\/\/jarltech.blog\/#\/schema\/person\/d8946967213f9b209ebea75d5a59986e","name":"Aurelien Honnert","sameAs":["http:\/\/jarltech.blog"]}]}},"_links":{"self":[{"href":"https:\/\/jarltech.blog\/it\/wp-json\/wp\/v2\/posts\/27445","targetHints":{"allow":["GET"]}}],"collection":[{"href":"https:\/\/jarltech.blog\/it\/wp-json\/wp\/v2\/posts"}],"about":[{"href":"https:\/\/jarltech.blog\/it\/wp-json\/wp\/v2\/types\/post"}],"author":[{"embeddable":true,"href":"https:\/\/jarltech.blog\/it\/wp-json\/wp\/v2\/users\/12"}],"replies":[{"embeddable":true,"href":"https:\/\/jarltech.blog\/it\/wp-json\/wp\/v2\/comments?post=27445"}],"version-history":[{"count":5,"href":"https:\/\/jarltech.blog\/it\/wp-json\/wp\/v2\/posts\/27445\/revisions"}],"predecessor-version":[{"id":32464,"href":"https:\/\/jarltech.blog\/it\/wp-json\/wp\/v2\/posts\/27445\/revisions\/32464"}],"wp:featuredmedia":[{"embeddable":true,"href":"https:\/\/jarltech.blog\/it\/wp-json\/wp\/v2\/media\/27392"}],"wp:attachment":[{"href":"https:\/\/jarltech.blog\/it\/wp-json\/wp\/v2\/media?parent=27445"}],"wp:term":[{"taxonomy":"category","embeddable":true,"href":"https:\/\/jarltech.blog\/it\/wp-json\/wp\/v2\/categories?post=27445"},{"taxonomy":"post_tag","embeddable":true,"href":"https:\/\/jarltech.blog\/it\/wp-json\/wp\/v2\/tags?post=27445"}],"curies":[{"name":"wp","href":"https:\/\/api.w.org\/{rel}","templated":true}]}}