{"id":54849,"date":"2026-03-11T09:14:23","date_gmt":"2026-03-11T08:14:23","guid":{"rendered":"https:\/\/jarltech.blog\/?p=54849"},"modified":"2026-03-11T09:27:42","modified_gmt":"2026-03-11T08:27:42","slug":"pour-les-defis-du-quotidien-et-le-smart-working","status":"publish","type":"post","link":"https:\/\/jarltech.blog\/fr\/featured-fr\/pour-les-defis-du-quotidien-et-le-smart-working","title":{"rendered":"Pour les d\u00e9fis du quotidien et le smart working"},"content":{"rendered":"\n<h2 class=\"wp-block-heading\">Les <mark style=\"background-color:rgba(0, 0, 0, 0);color:#00a0a2\" class=\"has-inline-color\">nouveaux Labelmate label dispensers<\/mark> \u2013 id\u00e9aux pour des workflows intuitifs, pr\u00e9cis et flexibles<\/h2>\n\n\n\n<p class=\"caps\"><strong>D\u00e9couvrez la nouvelle g\u00e9n\u00e9ration de Labelmate label dispensers. Ils sont con\u00e7us pour \u00e9liminer les d\u00e9fis du quotidien qui ralentissent l\u2019\u00e9tiquetage dans les op\u00e9rations de vos clients. Moins d\u2019intervention manuelle, plus de contr\u00f4le et une fiabilit\u00e9 de processus nettement accrue : la solution id\u00e9ale pour de nombreux domaines. Que ce soit en entrep\u00f4t, en production, au checkout ou dans le secteur de la sant\u00e9 \u2013 pour des processus d\u2019\u00e9tiquetage fluides et des workflows efficaces. Et tout cela \u00e0 un prix attractif !<\/strong><\/p>\n\n\n\n<div style=\"height:25px\" aria-hidden=\"true\" class=\"wp-block-spacer\"><\/div>\n\n\n\n<div class=\"wp-block-columns is-layout-flex wp-container-core-columns-is-layout-9d6595d7 wp-block-columns-is-layout-flex\">\n<div class=\"wp-block-column has-background is-layout-flow wp-block-column-is-layout-flow\" style=\"background-color:#f5f5f5\">\n<div class=\"wp-block-columns is-layout-flex wp-container-core-columns-is-layout-9d6595d7 wp-block-columns-is-layout-flex\">\n<div class=\"wp-block-column is-layout-flow wp-block-column-is-layout-flow\" style=\"flex-basis:63%\">\n<div class=\"wp-block-columns is-layout-flex wp-container-core-columns-is-layout-9d6595d7 wp-block-columns-is-layout-flex\">\n<div class=\"wp-block-column is-layout-flow wp-block-column-is-layout-flow\" style=\"flex-basis:1%\"><\/div>\n\n\n\n<div class=\"wp-block-column is-layout-flow wp-block-column-is-layout-flow\" style=\"flex-basis:98%\">\n<div style=\"height:30px\" aria-hidden=\"true\" class=\"wp-block-spacer\"><\/div>\n\n\n\n<h4 class=\"wp-block-heading has-text-color has-link-color wp-elements-9a6e6a523758a42dc36a6d3db4ff7572\" style=\"color:#00a0a2\"><strong><strong><strong><strong>Les avantages des Labelmate label dispensers en un coup d\u2019\u0153il :<\/strong><\/strong><\/strong><\/strong><\/h4>\n\n\n\n<ul class=\"wp-block-list\">\n<li>Syst\u00e8me automatique Peel-and-Present pour un retrait manuel rapide des \u00e9tiquettes<\/li>\n\n\n\n<li>Id\u00e9al pour packaging, logistique et production<\/li>\n\n\n\n<li>Compatible avec des rouleaux d\u2019\u00e9tiquettes jusqu\u2019\u00e0 6 kg et des diam\u00e8tres jusqu\u2019\u00e0 300 mm (mod\u00e8les XL)<\/li>\n\n\n\n<li>Technologie de capteurs flexible pour diff\u00e9rents formats d\u2019\u00e9tiquettes et formes sp\u00e9ciales<\/li>\n\n\n\n<li>Construction robuste avec version XL en acier inoxydable en option pour les volumes \u00e9lev\u00e9s<\/li>\n<\/ul>\n\n\n\n<div style=\"height:20px\" aria-hidden=\"true\" class=\"wp-block-spacer\"><\/div>\n<\/div>\n\n\n\n<div class=\"wp-block-column is-layout-flow wp-block-column-is-layout-flow\" style=\"flex-basis:1%\"><\/div>\n<\/div>\n<\/div>\n\n\n\n<div class=\"wp-block-column is-layout-flow wp-block-column-is-layout-flow\" style=\"flex-basis:35%\">\n<div style=\"height:30px\" aria-hidden=\"true\" class=\"wp-block-spacer\"><\/div>\n\n\n\n<figure class=\"wp-block-image size-full\"><img loading=\"lazy\" decoding=\"async\" width=\"600\" height=\"403\" src=\"https:\/\/jarltech.blog\/a\/wp-content\/uploads\/2026\/03\/WordPress_Labelmate_9318456719_02.png\" alt=\"\" class=\"wp-image-54831\" srcset=\"https:\/\/jarltech.blog\/a\/wp-content\/uploads\/2026\/03\/WordPress_Labelmate_9318456719_02.png 600w, https:\/\/jarltech.blog\/a\/wp-content\/uploads\/2026\/03\/WordPress_Labelmate_9318456719_02-300x202.png 300w\" sizes=\"auto, (max-width: 600px) 100vw, 600px\" \/><\/figure>\n\n\n\n<div style=\"height:30px\" aria-hidden=\"true\" class=\"wp-block-spacer\"><\/div>\n\n\n\n<div class=\"wp-block-buttons is-layout-flex wp-block-buttons-is-layout-flex\">\n<div class=\"wp-block-button\"><a class=\"wp-block-button__link has-background wp-element-button\" href=\"https:\/\/www.jarltech.com\/fr\/labelmate-label-dispensers?utm_source=blog&amp;utm_medium=button&amp;utm_campaign=labelmate-label-dispensers&amp;utm_id=9318456719\" style=\"background-color:#00a0a2\" target=\"_blank\" rel=\"noreferrer noopener\"><strong><strong><strong><strong><strong><strong><strong><strong>Labelmate label dispensers<\/strong><\/strong><\/strong><\/strong><\/strong><\/strong><\/strong><\/strong><\/a><\/div>\n<\/div>\n\n\n\n<div style=\"height:30px\" aria-hidden=\"true\" class=\"wp-block-spacer\"><\/div>\n<\/div>\n\n\n\n<div class=\"wp-block-column is-layout-flow wp-block-column-is-layout-flow\" style=\"flex-basis:1%\"><\/div>\n<\/div>\n<\/div>\n<\/div>\n\n\n\n<div style=\"height:30px\" aria-hidden=\"true\" class=\"wp-block-spacer\"><\/div>\n\n\n\n<div class=\"wp-block-columns is-layout-flex wp-container-core-columns-is-layout-9d6595d7 wp-block-columns-is-layout-flex\">\n<div class=\"wp-block-column is-layout-flow wp-block-column-is-layout-flow\">\n<h4 class=\"wp-block-heading has-text-color has-link-color wp-elements-7116fd1dfaf356b8ade687a8e0b8a5fe\" style=\"color:#00a0a2\"><strong><strong>L\u2019efficacit\u00e9 commence dans les d\u00e9tails<\/strong><\/strong><\/h4>\n\n\n\n<p>Le capteur mobile s\u2019adapte parfaitement aux largeurs variables, aux contours sp\u00e9ciaux et \u00e0 diff\u00e9rents mat\u00e9riaux \u2013 m\u00eame avec des \u00e9tiquettes transparentes ou fonc\u00e9es. De plus, le media guide int\u00e9gr\u00e9 assure un positionnement pr\u00e9cis \u2013 id\u00e9al pour les \u00e9tiquettes sp\u00e9ciales ou les t\u00e2ches qui changent fr\u00e9quemment. La mise en service rapide et la conception low-maintenance augmentent la productivit\u00e9 imm\u00e9diatement.<\/p>\n<\/div>\n\n\n\n<div class=\"wp-block-column is-layout-flow wp-block-column-is-layout-flow\">\n<h4 class=\"wp-block-heading has-text-color has-link-color wp-elements-28e2e9d63b33c1e3481e563405c7f6a9\" style=\"color:#00a0a2\"><strong><strong><strong>Enti\u00e8rement smart<\/strong><\/strong><\/strong><\/h4>\n\n\n\n<p>Le linear speed controller garantit un d\u00e9bit constant, quelle que soit la longueur ou le format de l\u2019\u00e9tiquette. Le workflow reste stable \u2013 sans r\u00e9ajustements ni interruptions. Un m\u00e9canisme d\u2019enroulement intuitif et des options comme un foot switch ou un counter am\u00e9liorent encore le confort et l\u2019efficacit\u00e9.<\/p>\n<\/div>\n<\/div>\n\n\n\n<div style=\"height:25px\" aria-hidden=\"true\" class=\"wp-block-spacer\"><\/div>\n\n\n\n<div class=\"wp-block-columns has-background is-layout-flex wp-container-core-columns-is-layout-9d6595d7 wp-block-columns-is-layout-flex\" style=\"background-color:#00a0a2\">\n<div class=\"wp-block-column is-layout-flow wp-block-column-is-layout-flow\" style=\"flex-basis:1%\"><\/div>\n\n\n\n<div class=\"wp-block-column is-layout-flow wp-block-column-is-layout-flow\" style=\"flex-basis:98%\">\n<div style=\"height:30px\" aria-hidden=\"true\" class=\"wp-block-spacer\"><\/div>\n\n\n\n<h2 class=\"wp-block-heading has-text-align-center has-white-color has-text-color has-link-color wp-elements-38994ec3e925bf8dade78653b8d9b72e\"><strong><strong>Nouveaut\u00e9s :<\/strong><\/strong><\/h2>\n\n\n\n<ul class=\"wp-block-list\">\n<li class=\"has-white-color has-text-color has-link-color wp-elements-65fa81028f5ad74346a7566566ef2865\"><strong>Capteur mobile pour une flexibilit\u00e9 totale avec tous les types d\u2019\u00e9tiquettes<\/strong><\/li>\n\n\n\n<li class=\"has-white-color has-text-color has-link-color wp-elements-24e18de15521964ad4303221b7cdd937\"><strong>Paper path am\u00e9lior\u00e9 (avec media guide) pour un positionnement pr\u00e9cis des \u00e9tiquettes<\/strong><\/li>\n\n\n\n<li class=\"has-white-color has-text-color has-link-color wp-elements-917c1bb7dce07ad563e6434b4650ddd3\"><strong>Speed control r\u00e9glable \u2013 fini les limites fixes<\/strong><\/li>\n\n\n\n<li class=\"has-white-color has-text-color has-link-color wp-elements-fcb182404ba9efacf65dcd08840028c2\"><strong>Syst\u00e8me am\u00e9lior\u00e9 de collecte du backing paper pour une meilleure gestion des d\u00e9chets<\/strong><\/li>\n\n\n\n<li class=\"has-white-color has-text-color has-link-color wp-elements-e7484dcbe630ce5bf4ab584beb5d7358\"><strong>Design moderne et \u00e9pur\u00e9, parfait dans tout environnement de travail<\/strong><\/li>\n<\/ul>\n\n\n\n<div style=\"height:30px\" aria-hidden=\"true\" class=\"wp-block-spacer\"><\/div>\n<\/div>\n\n\n\n<div class=\"wp-block-column is-layout-flow wp-block-column-is-layout-flow\" style=\"flex-basis:1%\"><\/div>\n<\/div>\n\n\n\n<div style=\"height:35px\" aria-hidden=\"true\" class=\"wp-block-spacer\"><\/div>\n\n\n\n<div class=\"wp-block-columns is-layout-flex wp-container-core-columns-is-layout-9d6595d7 wp-block-columns-is-layout-flex\">\n<div class=\"wp-block-column is-layout-flow wp-block-column-is-layout-flow\" style=\"flex-basis:75%\">\n<h5 class=\"wp-block-heading has-text-color has-link-color wp-elements-6c64c6cf74aa2b7b70b1375dfab7c160\" style=\"color:#00a0a2\"><strong><strong>Acc\u00e9l\u00e9rez et am\u00e9liorez la pr\u00e9cision des processus d\u2019\u00e9tiquetage de vos clients \u2013 avec les nouveaux Labelmate label dispensers ! Commandez-les d\u00e8s maintenant aupr\u00e8s de votre interlocuteur commercial !<\/strong><\/strong><\/h5>\n<\/div>\n\n\n\n<div class=\"wp-block-column is-layout-flow wp-block-column-is-layout-flow\" style=\"flex-basis:25%\">\n<figure class=\"wp-block-image size-full\"><img loading=\"lazy\" decoding=\"async\" width=\"1000\" height=\"248\" src=\"https:\/\/jarltech.blog\/a\/wp-content\/uploads\/2020\/09\/LM_labelmate_logo_rgb_2017.png\" alt=\"\" class=\"wp-image-8202\" srcset=\"https:\/\/jarltech.blog\/a\/wp-content\/uploads\/2020\/09\/LM_labelmate_logo_rgb_2017.png 1000w, https:\/\/jarltech.blog\/a\/wp-content\/uploads\/2020\/09\/LM_labelmate_logo_rgb_2017-300x74.png 300w, https:\/\/jarltech.blog\/a\/wp-content\/uploads\/2020\/09\/LM_labelmate_logo_rgb_2017-768x190.png 768w\" sizes=\"auto, (max-width: 1000px) 100vw, 1000px\" \/><\/figure>\n<\/div>\n<\/div>\n\n\n\n<p><\/p>\n","protected":false},"excerpt":{"rendered":"<p>Les nouveaux Labelmate label dispensers \u2013 id\u00e9aux pour des workflows intuitifs, pr\u00e9cis et flexibles D\u00e9couvrez la nouvelle g\u00e9n\u00e9ration de Labelmate label dispensers. Ils sont con\u00e7us pour \u00e9liminer les d\u00e9fis du<\/p>\n","protected":false},"author":17,"featured_media":54822,"comment_status":"closed","ping_status":"closed","sticky":false,"template":"","format":"standard","meta":{"footnotes":""},"categories":[70],"tags":[438],"class_list":["post-54849","post","type-post","status-publish","format-standard","has-post-thumbnail","hentry","category-featured-fr","tag-438"],"yoast_head":"<!-- This site is optimized with the Yoast SEO plugin v27.4 - https:\/\/yoast.com\/product\/yoast-seo-wordpress\/ -->\n<title>Pour les d\u00e9fis du quotidien et le smart working - Jarltech.blog<\/title>\n<meta name=\"robots\" content=\"index, follow, max-snippet:-1, max-image-preview:large, max-video-preview:-1\" \/>\n<link rel=\"canonical\" href=\"https:\/\/jarltech.blog\/fr\/featured-fr\/pour-les-defis-du-quotidien-et-le-smart-working\" \/>\n<meta name=\"twitter:card\" content=\"summary_large_image\" \/>\n<meta name=\"twitter:title\" content=\"Pour les d\u00e9fis du quotidien et le smart working - Jarltech.blog\" \/>\n<meta name=\"twitter:description\" content=\"Les nouveaux Labelmate label dispensers \u2013 id\u00e9aux pour des workflows intuitifs, pr\u00e9cis et flexibles D\u00e9couvrez la nouvelle g\u00e9n\u00e9ration de Labelmate label dispensers. Ils sont con\u00e7us pour \u00e9liminer les d\u00e9fis du\" \/>\n<meta name=\"twitter:image\" content=\"https:\/\/jarltech.blog\/a\/wp-content\/uploads\/2026\/03\/WordPress_Labelmate_9318456719.png\" \/>\n<meta name=\"twitter:creator\" content=\"@jarltech\" \/>\n<meta name=\"twitter:site\" content=\"@jarltech\" \/>\n<meta name=\"twitter:label1\" content=\"Written by\" \/>\n\t<meta name=\"twitter:data1\" content=\"Sarah Richard\" \/>\n\t<meta name=\"twitter:label2\" content=\"Est. reading time\" \/>\n\t<meta name=\"twitter:data2\" content=\"3 minutes\" \/>\n<script type=\"application\/ld+json\" class=\"yoast-schema-graph\">{\"@context\":\"https:\\\/\\\/schema.org\",\"@graph\":[{\"@type\":\"Article\",\"@id\":\"https:\\\/\\\/jarltech.blog\\\/fr\\\/featured-fr\\\/pour-les-defis-du-quotidien-et-le-smart-working#article\",\"isPartOf\":{\"@id\":\"https:\\\/\\\/jarltech.blog\\\/fr\\\/featured-fr\\\/pour-les-defis-du-quotidien-et-le-smart-working\"},\"author\":{\"name\":\"Sarah Richard\",\"@id\":\"https:\\\/\\\/jarltech.blog\\\/#\\\/schema\\\/person\\\/50d89506c80af54b6d13083f30cdaa85\"},\"headline\":\"Pour les d\u00e9fis du quotidien et le smart working\",\"datePublished\":\"2026-03-11T08:14:23+00:00\",\"dateModified\":\"2026-03-11T08:27:42+00:00\",\"mainEntityOfPage\":{\"@id\":\"https:\\\/\\\/jarltech.blog\\\/fr\\\/featured-fr\\\/pour-les-defis-du-quotidien-et-le-smart-working\"},\"wordCount\":417,\"image\":{\"@id\":\"https:\\\/\\\/jarltech.blog\\\/fr\\\/featured-fr\\\/pour-les-defis-du-quotidien-et-le-smart-working#primaryimage\"},\"thumbnailUrl\":\"https:\\\/\\\/jarltech.blog\\\/a\\\/wp-content\\\/uploads\\\/2026\\\/03\\\/WordPress_Labelmate_9318456719.png\",\"keywords\":[\"9318456719\"],\"articleSection\":[\"Featured\"],\"inLanguage\":\"fr-FR\"},{\"@type\":\"WebPage\",\"@id\":\"https:\\\/\\\/jarltech.blog\\\/fr\\\/featured-fr\\\/pour-les-defis-du-quotidien-et-le-smart-working\",\"url\":\"https:\\\/\\\/jarltech.blog\\\/fr\\\/featured-fr\\\/pour-les-defis-du-quotidien-et-le-smart-working\",\"name\":\"Pour les d\u00e9fis du quotidien et le smart working - Jarltech.blog\",\"isPartOf\":{\"@id\":\"https:\\\/\\\/jarltech.blog\\\/#website\"},\"primaryImageOfPage\":{\"@id\":\"https:\\\/\\\/jarltech.blog\\\/fr\\\/featured-fr\\\/pour-les-defis-du-quotidien-et-le-smart-working#primaryimage\"},\"image\":{\"@id\":\"https:\\\/\\\/jarltech.blog\\\/fr\\\/featured-fr\\\/pour-les-defis-du-quotidien-et-le-smart-working#primaryimage\"},\"thumbnailUrl\":\"https:\\\/\\\/jarltech.blog\\\/a\\\/wp-content\\\/uploads\\\/2026\\\/03\\\/WordPress_Labelmate_9318456719.png\",\"datePublished\":\"2026-03-11T08:14:23+00:00\",\"dateModified\":\"2026-03-11T08:27:42+00:00\",\"author\":{\"@id\":\"https:\\\/\\\/jarltech.blog\\\/#\\\/schema\\\/person\\\/50d89506c80af54b6d13083f30cdaa85\"},\"breadcrumb\":{\"@id\":\"https:\\\/\\\/jarltech.blog\\\/fr\\\/featured-fr\\\/pour-les-defis-du-quotidien-et-le-smart-working#breadcrumb\"},\"inLanguage\":\"fr-FR\",\"potentialAction\":[{\"@type\":\"ReadAction\",\"target\":[\"https:\\\/\\\/jarltech.blog\\\/fr\\\/featured-fr\\\/pour-les-defis-du-quotidien-et-le-smart-working\"]}]},{\"@type\":\"ImageObject\",\"inLanguage\":\"fr-FR\",\"@id\":\"https:\\\/\\\/jarltech.blog\\\/fr\\\/featured-fr\\\/pour-les-defis-du-quotidien-et-le-smart-working#primaryimage\",\"url\":\"https:\\\/\\\/jarltech.blog\\\/a\\\/wp-content\\\/uploads\\\/2026\\\/03\\\/WordPress_Labelmate_9318456719.png\",\"contentUrl\":\"https:\\\/\\\/jarltech.blog\\\/a\\\/wp-content\\\/uploads\\\/2026\\\/03\\\/WordPress_Labelmate_9318456719.png\",\"width\":1200,\"height\":545},{\"@type\":\"BreadcrumbList\",\"@id\":\"https:\\\/\\\/jarltech.blog\\\/fr\\\/featured-fr\\\/pour-les-defis-du-quotidien-et-le-smart-working#breadcrumb\",\"itemListElement\":[{\"@type\":\"ListItem\",\"position\":1,\"name\":\"Startseite\",\"item\":\"https:\\\/\\\/jarltech.blog\\\/fr\"},{\"@type\":\"ListItem\",\"position\":2,\"name\":\"Pour les d\u00e9fis du quotidien et le smart working\"}]},{\"@type\":\"WebSite\",\"@id\":\"https:\\\/\\\/jarltech.blog\\\/#website\",\"url\":\"https:\\\/\\\/jarltech.blog\\\/\",\"name\":\"Jarltech.blog\",\"description\":\"\",\"potentialAction\":[{\"@type\":\"SearchAction\",\"target\":{\"@type\":\"EntryPoint\",\"urlTemplate\":\"https:\\\/\\\/jarltech.blog\\\/?s={search_term_string}\"},\"query-input\":{\"@type\":\"PropertyValueSpecification\",\"valueRequired\":true,\"valueName\":\"search_term_string\"}}],\"inLanguage\":\"fr-FR\"},{\"@type\":\"Person\",\"@id\":\"https:\\\/\\\/jarltech.blog\\\/#\\\/schema\\\/person\\\/50d89506c80af54b6d13083f30cdaa85\",\"name\":\"Sarah Richard\"}]}<\/script>\n<!-- \/ Yoast SEO plugin. -->","yoast_head_json":{"title":"Pour les d\u00e9fis du quotidien et le smart working - Jarltech.blog","robots":{"index":"index","follow":"follow","max-snippet":"max-snippet:-1","max-image-preview":"max-image-preview:large","max-video-preview":"max-video-preview:-1"},"canonical":"https:\/\/jarltech.blog\/fr\/featured-fr\/pour-les-defis-du-quotidien-et-le-smart-working","twitter_card":"summary_large_image","twitter_title":"Pour les d\u00e9fis du quotidien et le smart working - Jarltech.blog","twitter_description":"Les nouveaux Labelmate label dispensers \u2013 id\u00e9aux pour des workflows intuitifs, pr\u00e9cis et flexibles D\u00e9couvrez la nouvelle g\u00e9n\u00e9ration de Labelmate label dispensers. Ils sont con\u00e7us pour \u00e9liminer les d\u00e9fis du","twitter_image":"https:\/\/jarltech.blog\/a\/wp-content\/uploads\/2026\/03\/WordPress_Labelmate_9318456719.png","twitter_creator":"@jarltech","twitter_site":"@jarltech","twitter_misc":{"Written by":"Sarah Richard","Est. reading time":"3 minutes"},"schema":{"@context":"https:\/\/schema.org","@graph":[{"@type":"Article","@id":"https:\/\/jarltech.blog\/fr\/featured-fr\/pour-les-defis-du-quotidien-et-le-smart-working#article","isPartOf":{"@id":"https:\/\/jarltech.blog\/fr\/featured-fr\/pour-les-defis-du-quotidien-et-le-smart-working"},"author":{"name":"Sarah Richard","@id":"https:\/\/jarltech.blog\/#\/schema\/person\/50d89506c80af54b6d13083f30cdaa85"},"headline":"Pour les d\u00e9fis du quotidien et le smart working","datePublished":"2026-03-11T08:14:23+00:00","dateModified":"2026-03-11T08:27:42+00:00","mainEntityOfPage":{"@id":"https:\/\/jarltech.blog\/fr\/featured-fr\/pour-les-defis-du-quotidien-et-le-smart-working"},"wordCount":417,"image":{"@id":"https:\/\/jarltech.blog\/fr\/featured-fr\/pour-les-defis-du-quotidien-et-le-smart-working#primaryimage"},"thumbnailUrl":"https:\/\/jarltech.blog\/a\/wp-content\/uploads\/2026\/03\/WordPress_Labelmate_9318456719.png","keywords":["9318456719"],"articleSection":["Featured"],"inLanguage":"fr-FR"},{"@type":"WebPage","@id":"https:\/\/jarltech.blog\/fr\/featured-fr\/pour-les-defis-du-quotidien-et-le-smart-working","url":"https:\/\/jarltech.blog\/fr\/featured-fr\/pour-les-defis-du-quotidien-et-le-smart-working","name":"Pour les d\u00e9fis du quotidien et le smart working - Jarltech.blog","isPartOf":{"@id":"https:\/\/jarltech.blog\/#website"},"primaryImageOfPage":{"@id":"https:\/\/jarltech.blog\/fr\/featured-fr\/pour-les-defis-du-quotidien-et-le-smart-working#primaryimage"},"image":{"@id":"https:\/\/jarltech.blog\/fr\/featured-fr\/pour-les-defis-du-quotidien-et-le-smart-working#primaryimage"},"thumbnailUrl":"https:\/\/jarltech.blog\/a\/wp-content\/uploads\/2026\/03\/WordPress_Labelmate_9318456719.png","datePublished":"2026-03-11T08:14:23+00:00","dateModified":"2026-03-11T08:27:42+00:00","author":{"@id":"https:\/\/jarltech.blog\/#\/schema\/person\/50d89506c80af54b6d13083f30cdaa85"},"breadcrumb":{"@id":"https:\/\/jarltech.blog\/fr\/featured-fr\/pour-les-defis-du-quotidien-et-le-smart-working#breadcrumb"},"inLanguage":"fr-FR","potentialAction":[{"@type":"ReadAction","target":["https:\/\/jarltech.blog\/fr\/featured-fr\/pour-les-defis-du-quotidien-et-le-smart-working"]}]},{"@type":"ImageObject","inLanguage":"fr-FR","@id":"https:\/\/jarltech.blog\/fr\/featured-fr\/pour-les-defis-du-quotidien-et-le-smart-working#primaryimage","url":"https:\/\/jarltech.blog\/a\/wp-content\/uploads\/2026\/03\/WordPress_Labelmate_9318456719.png","contentUrl":"https:\/\/jarltech.blog\/a\/wp-content\/uploads\/2026\/03\/WordPress_Labelmate_9318456719.png","width":1200,"height":545},{"@type":"BreadcrumbList","@id":"https:\/\/jarltech.blog\/fr\/featured-fr\/pour-les-defis-du-quotidien-et-le-smart-working#breadcrumb","itemListElement":[{"@type":"ListItem","position":1,"name":"Startseite","item":"https:\/\/jarltech.blog\/fr"},{"@type":"ListItem","position":2,"name":"Pour les d\u00e9fis du quotidien et le smart working"}]},{"@type":"WebSite","@id":"https:\/\/jarltech.blog\/#website","url":"https:\/\/jarltech.blog\/","name":"Jarltech.blog","description":"","potentialAction":[{"@type":"SearchAction","target":{"@type":"EntryPoint","urlTemplate":"https:\/\/jarltech.blog\/?s={search_term_string}"},"query-input":{"@type":"PropertyValueSpecification","valueRequired":true,"valueName":"search_term_string"}}],"inLanguage":"fr-FR"},{"@type":"Person","@id":"https:\/\/jarltech.blog\/#\/schema\/person\/50d89506c80af54b6d13083f30cdaa85","name":"Sarah Richard"}]}},"_links":{"self":[{"href":"https:\/\/jarltech.blog\/fr\/wp-json\/wp\/v2\/posts\/54849","targetHints":{"allow":["GET"]}}],"collection":[{"href":"https:\/\/jarltech.blog\/fr\/wp-json\/wp\/v2\/posts"}],"about":[{"href":"https:\/\/jarltech.blog\/fr\/wp-json\/wp\/v2\/types\/post"}],"author":[{"embeddable":true,"href":"https:\/\/jarltech.blog\/fr\/wp-json\/wp\/v2\/users\/17"}],"replies":[{"embeddable":true,"href":"https:\/\/jarltech.blog\/fr\/wp-json\/wp\/v2\/comments?post=54849"}],"version-history":[{"count":1,"href":"https:\/\/jarltech.blog\/fr\/wp-json\/wp\/v2\/posts\/54849\/revisions"}],"predecessor-version":[{"id":54850,"href":"https:\/\/jarltech.blog\/fr\/wp-json\/wp\/v2\/posts\/54849\/revisions\/54850"}],"wp:featuredmedia":[{"embeddable":true,"href":"https:\/\/jarltech.blog\/fr\/wp-json\/wp\/v2\/media\/54822"}],"wp:attachment":[{"href":"https:\/\/jarltech.blog\/fr\/wp-json\/wp\/v2\/media?parent=54849"}],"wp:term":[{"taxonomy":"category","embeddable":true,"href":"https:\/\/jarltech.blog\/fr\/wp-json\/wp\/v2\/categories?post=54849"},{"taxonomy":"post_tag","embeddable":true,"href":"https:\/\/jarltech.blog\/fr\/wp-json\/wp\/v2\/tags?post=54849"}],"curies":[{"name":"wp","href":"https:\/\/api.w.org\/{rel}","templated":true}]}}