{"id":51504,"date":"2025-08-18T16:08:46","date_gmt":"2025-08-18T14:08:46","guid":{"rendered":"https:\/\/jarltech.blog\/?p=51504"},"modified":"2025-08-18T16:08:47","modified_gmt":"2025-08-18T14:08:47","slug":"il-nen-faut-pas-plus","status":"publish","type":"post","link":"https:\/\/jarltech.blog\/fr\/systemes-impression\/il-nen-faut-pas-plus","title":{"rendered":"Il n\u2019en faut pas plus"},"content":{"rendered":"\n<p class=\"caps\"><a id=\"_msocom_1\"><\/a><\/p>\n\n\n\n<h2 class=\"wp-block-heading\"><strong><strong><strong>Gr\u00e2ce \u00e0 la fonction autonome de la CL-S700III, vos clients impriment des \u00e9tiquettes de mani\u00e8re en toute ind\u00e9pendance \u2013 sans avoir besoin d\u2019un ordinateur en r\u00e9seau.<\/strong><\/strong><\/strong><\/h2>\n\n\n\n<p><strong>Aidez vos clients \u00e0 devenir encore plus profitables en cr\u00e9ant des processus de travail plus efficients. Dans de nombreux environnements professionnels, l\u2019utilisation d\u2019un ordinateur n\u2019est pas indispensable \u00e0 l\u2019accomplissement du travail. C\u2019est pr\u00e9cis\u00e9ment dans ces contextes que l\u2019imprimante Citizen CL-S700III prend tout son sens. Dot\u00e9e de la fonctionnalit\u00e9 pratique de \u00ab formulaires autonomes \u00bb, elle permet l\u2019impression d\u2019\u00e9tiquettes en toute ind\u00e9pendance via des formats pr\u00e9d\u00e9finis enregistr\u00e9s directement sur l\u2019imprimante. Cela offre une exp\u00e9rience utilisateur intuitive et sans contraintes.<\/strong><\/p>\n\n\n\n<p><a id=\"_msocom_1\"><\/a><\/p>\n\n\n\n<h4 class=\"wp-block-heading has-black-color has-text-color has-link-color wp-elements-c318871b537baf902c686c7ef004791f\"><strong><strong><strong><strong><strong><strong><strong>Pas de si et de mais<\/strong><\/strong><\/strong><\/strong><\/strong><\/strong><\/strong><\/h4>\n\n\n\n<p>Gr\u00e2ce \u00e0 sa construction robuste et \u00e0 sa durabilit\u00e9, la CL-S700III contribue \u00e0 la rentabilit\u00e9 sur le long terme en optimisant le co\u00fbt total de possession (TCO) et en r\u00e9duisant les risques \u00e9conomiques. Elle est id\u00e9ale pour les environnements exigeants tels que les entrep\u00f4ts, les cha\u00eenes de production ou les sites distants, o\u00f9 l\u2019impression d\u2019\u00e9tiquettes doit \u00eatre rapide, flexible et autonome.<\/p>\n\n\n\n<h4 class=\"wp-block-heading has-black-color has-text-color has-link-color wp-elements-2d3b07022cb3f5a3c2e818ea0ec14c21\"><strong><strong><strong><strong><strong>Les avantages de l\u2019impression autonome<\/strong><\/strong><\/strong><\/strong><\/strong><\/h4>\n\n\n\n<div class=\"wp-block-columns is-layout-flex wp-container-core-columns-is-layout-9d6595d7 wp-block-columns-is-layout-flex\">\n<div class=\"wp-block-column is-layout-flow wp-block-column-is-layout-flow\" style=\"flex-basis:100%\">\n<figure class=\"wp-block-table\"><table class=\"has-fixed-layout\"><tbody><tr><td><strong><strong>M\u00e9moire de formulaire int\u00e9gr\u00e9e<\/strong><\/strong><\/td><td>Aucun PC requis : les mod\u00e8les d\u2019\u00e9tiquettes sont enregistr\u00e9s directement sur l\u2019imprimante.<\/td><\/tr><tr><td><strong><strong><strong>Impression rapide et fiable<\/strong><\/strong><\/strong><\/td><td>La cr\u00e9ation rapide d\u2019\u00e9tiquettes acc\u00e9l\u00e8re la production et am\u00e9liore la productivit\u00e9.<\/td><\/tr><tr><td><strong><strong><strong>Interface conviviale<\/strong><\/strong><\/strong><\/td><td>Navigation simplifi\u00e9e pour la s\u00e9lection des mod\u00e8les et la saisie des donn\u00e9es.<\/td><\/tr><tr><td><strong><strong><strong>Moins d\u2019erreurs<\/strong><\/strong><\/strong><\/td><td>L\u2019utilisation de mod\u00e8les pr\u00e9d\u00e9finis limite les risques d\u2019erreurs humaines.<\/td><\/tr><tr><td><strong><strong><strong>Conception robuste et industrielle<\/strong><\/strong><\/strong><\/td><td>Adapt\u00e9e aux environnements exigeants, pour des performances de pointe \u00e0 long terme.<\/td><\/tr><tr><td><strong><strong><strong>R\u00e9duction du co\u00fbt total de possession (TCO)<\/strong><\/strong><\/strong><\/td><td>L\u2019\u00e9limination du besoin de connecter un PC, la r\u00e9duction des besoins en formation et en maintenance, ainsi que la minimisation des temps d\u2019arr\u00eat contribuent \u00e0 r\u00e9duire les co\u00fbts d\u2019exploitation.<\/td><\/tr><\/tbody><\/table><\/figure>\n<\/div>\n<\/div>\n\n\n\n<h4 class=\"wp-block-heading has-black-color has-text-color has-link-color wp-elements-ca2b0c864afd7667b1212e77807ce87c\"><strong><strong><strong><strong><strong><strong>\u00c9tiquetage efficace<\/strong><\/strong><\/strong><\/strong><\/strong><\/strong><\/h4>\n\n\n\n<p>La fonctionnalit\u00e9 de \u00ab formulaires autonomes \u00bb ouvre de nouvelles perspectives en mati\u00e8re d\u2019\u00e9tiquetage \u2013 un PC n\u2019est requis que pour la configuration initiale. Les op\u00e9rateurs peuvent scanner successivement plusieurs articles \u00e0 l\u2019aide d\u2019un lecteur de codes-barres (\u00e0 procurer s\u00e9par\u00e9ment) pour g\u00e9n\u00e9rer automatiquement une \u00e9tiquette par produit ou une \u00e9tiquette group\u00e9e selon les besoins.<\/p>\n\n\n\n<figure class=\"wp-block-image size-full\"><img loading=\"lazy\" decoding=\"async\" width=\"937\" height=\"320\" src=\"https:\/\/jarltech.blog\/a\/wp-content\/uploads\/2025\/08\/Standalone-Formulare_EN.png\" alt=\"\" class=\"wp-image-51498\" srcset=\"https:\/\/jarltech.blog\/a\/wp-content\/uploads\/2025\/08\/Standalone-Formulare_EN.png 937w, https:\/\/jarltech.blog\/a\/wp-content\/uploads\/2025\/08\/Standalone-Formulare_EN-300x102.png 300w, https:\/\/jarltech.blog\/a\/wp-content\/uploads\/2025\/08\/Standalone-Formulare_EN-768x262.png 768w\" sizes=\"auto, (max-width: 937px) 100vw, 937px\" \/><\/figure>\n\n\n\n<div class=\"wp-block-columns has-background is-layout-flex wp-container-core-columns-is-layout-9d6595d7 wp-block-columns-is-layout-flex\" style=\"background-color:#f5f5f5\">\n<div class=\"wp-block-column is-layout-flow wp-block-column-is-layout-flow\">\n<div style=\"height:15px\" aria-hidden=\"true\" class=\"wp-block-spacer\"><\/div>\n\n\n\n<div class=\"wp-block-columns is-layout-flex wp-container-core-columns-is-layout-9d6595d7 wp-block-columns-is-layout-flex\">\n<div class=\"wp-block-column is-layout-flow wp-block-column-is-layout-flow\" style=\"flex-basis:1%\"><\/div>\n\n\n\n<div class=\"wp-block-column is-layout-flow wp-block-column-is-layout-flow\" style=\"flex-basis:98%\">\n<h4 class=\"wp-block-heading has-black-color has-text-color has-link-color wp-elements-2f7e6fe2049a50218935d817e935f2e1\"><strong>La CL-S700III en un coup d\u2019\u0153il :<\/strong><\/h4>\n\n\n\n<ul class=\"wp-block-list\">\n<li>Imprimante d\u2019\u00e9tiquettes industrielle pour des tirages moyens \u00e0 \u00e9lev\u00e9s<\/li>\n\n\n\n<li>M\u00e9canisme Citizen ARCP exclusif pour une qualit\u00e9 d\u2019impression optimale et constante<\/li>\n\n\n\n<li>Choix entre impression thermique directe ou par transfert thermique<\/li>\n\n\n\n<li>Assistant de configuration convivial \u2013 pas besoin de manuel<\/li>\n\n\n\n<li>\u00c9cran tactile couleur avec deux boutons suppl\u00e9mentaires<\/li>\n<\/ul>\n<\/div>\n\n\n\n<div class=\"wp-block-column is-layout-flow wp-block-column-is-layout-flow\" style=\"flex-basis:1%\"><\/div>\n<\/div>\n\n\n\n<div style=\"height:15px\" aria-hidden=\"true\" class=\"wp-block-spacer\"><\/div>\n<\/div>\n\n\n\n<div class=\"wp-block-column is-layout-flow wp-block-column-is-layout-flow\">\n<div class=\"wp-block-columns is-layout-flex wp-container-core-columns-is-layout-9d6595d7 wp-block-columns-is-layout-flex\">\n<div class=\"wp-block-column is-layout-flow wp-block-column-is-layout-flow\" style=\"flex-basis:1%\"><\/div>\n\n\n\n<div class=\"wp-block-column is-layout-flow wp-block-column-is-layout-flow\" style=\"flex-basis:98%\">\n<div style=\"height:15px\" aria-hidden=\"true\" class=\"wp-block-spacer\"><\/div>\n\n\n<div class=\"wp-block-image\">\n<figure class=\"aligncenter size-full is-resized\"><img loading=\"lazy\" decoding=\"async\" width=\"1600\" height=\"1600\" src=\"https:\/\/jarltech.blog\/a\/wp-content\/uploads\/2025\/08\/CIT_CL-S700III_black_top_front_shop.png\" alt=\"\" class=\"wp-image-51367\" style=\"width:280px;height:auto\" srcset=\"https:\/\/jarltech.blog\/a\/wp-content\/uploads\/2025\/08\/CIT_CL-S700III_black_top_front_shop.png 1600w, https:\/\/jarltech.blog\/a\/wp-content\/uploads\/2025\/08\/CIT_CL-S700III_black_top_front_shop-300x300.png 300w, https:\/\/jarltech.blog\/a\/wp-content\/uploads\/2025\/08\/CIT_CL-S700III_black_top_front_shop-1024x1024.png 1024w, https:\/\/jarltech.blog\/a\/wp-content\/uploads\/2025\/08\/CIT_CL-S700III_black_top_front_shop-150x150.png 150w, https:\/\/jarltech.blog\/a\/wp-content\/uploads\/2025\/08\/CIT_CL-S700III_black_top_front_shop-768x768.png 768w, https:\/\/jarltech.blog\/a\/wp-content\/uploads\/2025\/08\/CIT_CL-S700III_black_top_front_shop-1536x1536.png 1536w\" sizes=\"auto, (max-width: 1600px) 100vw, 1600px\" \/><\/figure>\n<\/div>\n\n\n<div class=\"wp-block-buttons is-content-justification-center is-layout-flex wp-container-core-buttons-is-layout-16018d1d wp-block-buttons-is-layout-flex\">\n<div class=\"wp-block-button\"><a class=\"wp-block-button__link has-black-background-color has-background wp-element-button\" href=\"https:\/\/www.jarltech.com\/fr\/citizen-cl-s700iii\" target=\"_blank\" rel=\"noreferrer noopener\">D\u00e9couvrez-le maintenant<\/a><\/div>\n<\/div>\n\n\n\n<div style=\"height:15px\" aria-hidden=\"true\" class=\"wp-block-spacer\"><\/div>\n<\/div>\n\n\n\n<div class=\"wp-block-column is-layout-flow wp-block-column-is-layout-flow\" style=\"flex-basis:1%\"><\/div>\n<\/div>\n<\/div>\n<\/div>\n\n\n\n<div style=\"height:30px\" aria-hidden=\"true\" class=\"wp-block-spacer\"><\/div>\n\n\n\n<hr class=\"wp-block-separator has-alpha-channel-opacity\"\/>\n\n\n\n<div style=\"height:30px\" aria-hidden=\"true\" class=\"wp-block-spacer\"><\/div>\n\n\n\n<div class=\"wp-block-columns is-layout-flex wp-container-core-columns-is-layout-9d6595d7 wp-block-columns-is-layout-flex\">\n<div class=\"wp-block-column is-layout-flow wp-block-column-is-layout-flow\" style=\"flex-basis:66.66%\">\n<h4 class=\"wp-block-heading has-black-color has-text-color has-link-color wp-elements-88a41c37db784dbc2a5e2dc9f145bf6f\"><strong><strong><strong><strong><strong><strong><strong>Avec l\u2019imprimante d\u2019\u00e9tiquettes industrielle CL-S700III de Citizen et sa fonction autonome, offrez \u00e0 vos clients des performances fiables. Passez commande d\u00e8s maintenant aupr\u00e8s votre repr\u00e9sentant commercial !<\/strong><\/strong><\/strong><\/strong><\/strong><\/strong><\/strong><\/h4>\n<\/div>\n\n\n\n<div class=\"wp-block-column is-layout-flow wp-block-column-is-layout-flow\" style=\"flex-basis:33.33%\"><div class=\"wp-block-image\">\n<figure class=\"aligncenter size-full is-resized\"><img loading=\"lazy\" decoding=\"async\" width=\"256\" height=\"110\" src=\"https:\/\/jarltech.blog\/a\/wp-content\/uploads\/2024\/07\/CIT_Logo_jobs_170327.png\" alt=\"\" class=\"wp-image-43798\" style=\"width:247px;height:auto\"\/><\/figure>\n<\/div><\/div>\n<\/div>\n","protected":false},"excerpt":{"rendered":"<p>Gr\u00e2ce \u00e0 la fonction autonome de la CL-S700III, vos clients impriment des \u00e9tiquettes de mani\u00e8re en toute ind\u00e9pendance \u2013 sans avoir besoin d\u2019un ordinateur en r\u00e9seau. Aidez vos clients \u00e0<\/p>\n","protected":false},"author":27,"featured_media":51374,"comment_status":"closed","ping_status":"closed","sticky":false,"template":"","format":"standard","meta":{"footnotes":""},"categories":[69],"tags":[],"class_list":["post-51504","post","type-post","status-publish","format-standard","has-post-thumbnail","hentry","category-systemes-impression"],"yoast_head":"<!-- This site is optimized with the Yoast SEO plugin v27.5 - https:\/\/yoast.com\/product\/yoast-seo-wordpress\/ -->\n<title>Il n\u2019en faut pas plus - Jarltech.blog<\/title>\n<meta name=\"robots\" content=\"index, follow, max-snippet:-1, max-image-preview:large, max-video-preview:-1\" \/>\n<link rel=\"canonical\" href=\"https:\/\/jarltech.blog\/fr\/systemes-impression\/il-nen-faut-pas-plus\" \/>\n<meta name=\"twitter:card\" content=\"summary_large_image\" \/>\n<meta name=\"twitter:title\" content=\"Il n\u2019en faut pas plus - Jarltech.blog\" \/>\n<meta name=\"twitter:description\" content=\"Gr\u00e2ce \u00e0 la fonction autonome de la CL-S700III, vos clients impriment des \u00e9tiquettes de mani\u00e8re en toute ind\u00e9pendance \u2013 sans avoir besoin d\u2019un ordinateur en r\u00e9seau. Aidez vos clients \u00e0\" \/>\n<meta name=\"twitter:image\" content=\"https:\/\/jarltech.blog\/a\/wp-content\/uploads\/2025\/08\/CIT_CL-S700III.png\" \/>\n<meta name=\"twitter:creator\" content=\"@jarltech\" \/>\n<meta name=\"twitter:site\" content=\"@jarltech\" \/>\n<meta name=\"twitter:label1\" content=\"Written by\" \/>\n\t<meta name=\"twitter:data1\" content=\"Melissa Lennartz\" \/>\n<script type=\"application\/ld+json\" class=\"yoast-schema-graph\">{\"@context\":\"https:\\\/\\\/schema.org\",\"@graph\":[{\"@type\":\"Article\",\"@id\":\"https:\\\/\\\/jarltech.blog\\\/fr\\\/systemes-impression\\\/il-nen-faut-pas-plus#article\",\"isPartOf\":{\"@id\":\"https:\\\/\\\/jarltech.blog\\\/fr\\\/systemes-impression\\\/il-nen-faut-pas-plus\"},\"author\":{\"name\":\"Melissa Lennartz\",\"@id\":\"https:\\\/\\\/jarltech.blog\\\/#\\\/schema\\\/person\\\/a4881bc4332ec8db1ad5a3b64c485172\"},\"headline\":\"Il n\u2019en faut pas plus\",\"datePublished\":\"2025-08-18T14:08:46+00:00\",\"dateModified\":\"2025-08-18T14:08:47+00:00\",\"mainEntityOfPage\":{\"@id\":\"https:\\\/\\\/jarltech.blog\\\/fr\\\/systemes-impression\\\/il-nen-faut-pas-plus\"},\"wordCount\":497,\"image\":{\"@id\":\"https:\\\/\\\/jarltech.blog\\\/fr\\\/systemes-impression\\\/il-nen-faut-pas-plus#primaryimage\"},\"thumbnailUrl\":\"https:\\\/\\\/jarltech.blog\\\/a\\\/wp-content\\\/uploads\\\/2025\\\/08\\\/CIT_CL-S700III.png\",\"articleSection\":[\"Syst\u00e8mes d\u00b4impression\"],\"inLanguage\":\"fr-FR\"},{\"@type\":\"WebPage\",\"@id\":\"https:\\\/\\\/jarltech.blog\\\/fr\\\/systemes-impression\\\/il-nen-faut-pas-plus\",\"url\":\"https:\\\/\\\/jarltech.blog\\\/fr\\\/systemes-impression\\\/il-nen-faut-pas-plus\",\"name\":\"Il n\u2019en faut pas plus - Jarltech.blog\",\"isPartOf\":{\"@id\":\"https:\\\/\\\/jarltech.blog\\\/#website\"},\"primaryImageOfPage\":{\"@id\":\"https:\\\/\\\/jarltech.blog\\\/fr\\\/systemes-impression\\\/il-nen-faut-pas-plus#primaryimage\"},\"image\":{\"@id\":\"https:\\\/\\\/jarltech.blog\\\/fr\\\/systemes-impression\\\/il-nen-faut-pas-plus#primaryimage\"},\"thumbnailUrl\":\"https:\\\/\\\/jarltech.blog\\\/a\\\/wp-content\\\/uploads\\\/2025\\\/08\\\/CIT_CL-S700III.png\",\"datePublished\":\"2025-08-18T14:08:46+00:00\",\"dateModified\":\"2025-08-18T14:08:47+00:00\",\"author\":{\"@id\":\"https:\\\/\\\/jarltech.blog\\\/#\\\/schema\\\/person\\\/a4881bc4332ec8db1ad5a3b64c485172\"},\"breadcrumb\":{\"@id\":\"https:\\\/\\\/jarltech.blog\\\/fr\\\/systemes-impression\\\/il-nen-faut-pas-plus#breadcrumb\"},\"inLanguage\":\"fr-FR\",\"potentialAction\":[{\"@type\":\"ReadAction\",\"target\":[\"https:\\\/\\\/jarltech.blog\\\/fr\\\/systemes-impression\\\/il-nen-faut-pas-plus\"]}]},{\"@type\":\"ImageObject\",\"inLanguage\":\"fr-FR\",\"@id\":\"https:\\\/\\\/jarltech.blog\\\/fr\\\/systemes-impression\\\/il-nen-faut-pas-plus#primaryimage\",\"url\":\"https:\\\/\\\/jarltech.blog\\\/a\\\/wp-content\\\/uploads\\\/2025\\\/08\\\/CIT_CL-S700III.png\",\"contentUrl\":\"https:\\\/\\\/jarltech.blog\\\/a\\\/wp-content\\\/uploads\\\/2025\\\/08\\\/CIT_CL-S700III.png\",\"width\":1200,\"height\":545},{\"@type\":\"BreadcrumbList\",\"@id\":\"https:\\\/\\\/jarltech.blog\\\/fr\\\/systemes-impression\\\/il-nen-faut-pas-plus#breadcrumb\",\"itemListElement\":[{\"@type\":\"ListItem\",\"position\":1,\"name\":\"Startseite\",\"item\":\"https:\\\/\\\/jarltech.blog\\\/fr\"},{\"@type\":\"ListItem\",\"position\":2,\"name\":\"Il n\u2019en faut pas plus\"}]},{\"@type\":\"WebSite\",\"@id\":\"https:\\\/\\\/jarltech.blog\\\/#website\",\"url\":\"https:\\\/\\\/jarltech.blog\\\/\",\"name\":\"Jarltech.blog\",\"description\":\"\",\"potentialAction\":[{\"@type\":\"SearchAction\",\"target\":{\"@type\":\"EntryPoint\",\"urlTemplate\":\"https:\\\/\\\/jarltech.blog\\\/?s={search_term_string}\"},\"query-input\":{\"@type\":\"PropertyValueSpecification\",\"valueRequired\":true,\"valueName\":\"search_term_string\"}}],\"inLanguage\":\"fr-FR\"},{\"@type\":\"Person\",\"@id\":\"https:\\\/\\\/jarltech.blog\\\/#\\\/schema\\\/person\\\/a4881bc4332ec8db1ad5a3b64c485172\",\"name\":\"Melissa Lennartz\"}]}<\/script>\n<!-- \/ Yoast SEO plugin. -->","yoast_head_json":{"title":"Il n\u2019en faut pas plus - Jarltech.blog","robots":{"index":"index","follow":"follow","max-snippet":"max-snippet:-1","max-image-preview":"max-image-preview:large","max-video-preview":"max-video-preview:-1"},"canonical":"https:\/\/jarltech.blog\/fr\/systemes-impression\/il-nen-faut-pas-plus","twitter_card":"summary_large_image","twitter_title":"Il n\u2019en faut pas plus - Jarltech.blog","twitter_description":"Gr\u00e2ce \u00e0 la fonction autonome de la CL-S700III, vos clients impriment des \u00e9tiquettes de mani\u00e8re en toute ind\u00e9pendance \u2013 sans avoir besoin d\u2019un ordinateur en r\u00e9seau. Aidez vos clients \u00e0","twitter_image":"https:\/\/jarltech.blog\/a\/wp-content\/uploads\/2025\/08\/CIT_CL-S700III.png","twitter_creator":"@jarltech","twitter_site":"@jarltech","twitter_misc":{"Written by":"Melissa Lennartz"},"schema":{"@context":"https:\/\/schema.org","@graph":[{"@type":"Article","@id":"https:\/\/jarltech.blog\/fr\/systemes-impression\/il-nen-faut-pas-plus#article","isPartOf":{"@id":"https:\/\/jarltech.blog\/fr\/systemes-impression\/il-nen-faut-pas-plus"},"author":{"name":"Melissa Lennartz","@id":"https:\/\/jarltech.blog\/#\/schema\/person\/a4881bc4332ec8db1ad5a3b64c485172"},"headline":"Il n\u2019en faut pas plus","datePublished":"2025-08-18T14:08:46+00:00","dateModified":"2025-08-18T14:08:47+00:00","mainEntityOfPage":{"@id":"https:\/\/jarltech.blog\/fr\/systemes-impression\/il-nen-faut-pas-plus"},"wordCount":497,"image":{"@id":"https:\/\/jarltech.blog\/fr\/systemes-impression\/il-nen-faut-pas-plus#primaryimage"},"thumbnailUrl":"https:\/\/jarltech.blog\/a\/wp-content\/uploads\/2025\/08\/CIT_CL-S700III.png","articleSection":["Syst\u00e8mes d\u00b4impression"],"inLanguage":"fr-FR"},{"@type":"WebPage","@id":"https:\/\/jarltech.blog\/fr\/systemes-impression\/il-nen-faut-pas-plus","url":"https:\/\/jarltech.blog\/fr\/systemes-impression\/il-nen-faut-pas-plus","name":"Il n\u2019en faut pas plus - Jarltech.blog","isPartOf":{"@id":"https:\/\/jarltech.blog\/#website"},"primaryImageOfPage":{"@id":"https:\/\/jarltech.blog\/fr\/systemes-impression\/il-nen-faut-pas-plus#primaryimage"},"image":{"@id":"https:\/\/jarltech.blog\/fr\/systemes-impression\/il-nen-faut-pas-plus#primaryimage"},"thumbnailUrl":"https:\/\/jarltech.blog\/a\/wp-content\/uploads\/2025\/08\/CIT_CL-S700III.png","datePublished":"2025-08-18T14:08:46+00:00","dateModified":"2025-08-18T14:08:47+00:00","author":{"@id":"https:\/\/jarltech.blog\/#\/schema\/person\/a4881bc4332ec8db1ad5a3b64c485172"},"breadcrumb":{"@id":"https:\/\/jarltech.blog\/fr\/systemes-impression\/il-nen-faut-pas-plus#breadcrumb"},"inLanguage":"fr-FR","potentialAction":[{"@type":"ReadAction","target":["https:\/\/jarltech.blog\/fr\/systemes-impression\/il-nen-faut-pas-plus"]}]},{"@type":"ImageObject","inLanguage":"fr-FR","@id":"https:\/\/jarltech.blog\/fr\/systemes-impression\/il-nen-faut-pas-plus#primaryimage","url":"https:\/\/jarltech.blog\/a\/wp-content\/uploads\/2025\/08\/CIT_CL-S700III.png","contentUrl":"https:\/\/jarltech.blog\/a\/wp-content\/uploads\/2025\/08\/CIT_CL-S700III.png","width":1200,"height":545},{"@type":"BreadcrumbList","@id":"https:\/\/jarltech.blog\/fr\/systemes-impression\/il-nen-faut-pas-plus#breadcrumb","itemListElement":[{"@type":"ListItem","position":1,"name":"Startseite","item":"https:\/\/jarltech.blog\/fr"},{"@type":"ListItem","position":2,"name":"Il n\u2019en faut pas plus"}]},{"@type":"WebSite","@id":"https:\/\/jarltech.blog\/#website","url":"https:\/\/jarltech.blog\/","name":"Jarltech.blog","description":"","potentialAction":[{"@type":"SearchAction","target":{"@type":"EntryPoint","urlTemplate":"https:\/\/jarltech.blog\/?s={search_term_string}"},"query-input":{"@type":"PropertyValueSpecification","valueRequired":true,"valueName":"search_term_string"}}],"inLanguage":"fr-FR"},{"@type":"Person","@id":"https:\/\/jarltech.blog\/#\/schema\/person\/a4881bc4332ec8db1ad5a3b64c485172","name":"Melissa Lennartz"}]}},"_links":{"self":[{"href":"https:\/\/jarltech.blog\/fr\/wp-json\/wp\/v2\/posts\/51504","targetHints":{"allow":["GET"]}}],"collection":[{"href":"https:\/\/jarltech.blog\/fr\/wp-json\/wp\/v2\/posts"}],"about":[{"href":"https:\/\/jarltech.blog\/fr\/wp-json\/wp\/v2\/types\/post"}],"author":[{"embeddable":true,"href":"https:\/\/jarltech.blog\/fr\/wp-json\/wp\/v2\/users\/27"}],"replies":[{"embeddable":true,"href":"https:\/\/jarltech.blog\/fr\/wp-json\/wp\/v2\/comments?post=51504"}],"version-history":[{"count":4,"href":"https:\/\/jarltech.blog\/fr\/wp-json\/wp\/v2\/posts\/51504\/revisions"}],"predecessor-version":[{"id":51544,"href":"https:\/\/jarltech.blog\/fr\/wp-json\/wp\/v2\/posts\/51504\/revisions\/51544"}],"wp:featuredmedia":[{"embeddable":true,"href":"https:\/\/jarltech.blog\/fr\/wp-json\/wp\/v2\/media\/51374"}],"wp:attachment":[{"href":"https:\/\/jarltech.blog\/fr\/wp-json\/wp\/v2\/media?parent=51504"}],"wp:term":[{"taxonomy":"category","embeddable":true,"href":"https:\/\/jarltech.blog\/fr\/wp-json\/wp\/v2\/categories?post=51504"},{"taxonomy":"post_tag","embeddable":true,"href":"https:\/\/jarltech.blog\/fr\/wp-json\/wp\/v2\/tags?post=51504"}],"curies":[{"name":"wp","href":"https:\/\/api.w.org\/{rel}","templated":true}]}}