{"id":48232,"date":"2024-11-26T09:08:52","date_gmt":"2024-11-26T08:08:52","guid":{"rendered":"https:\/\/jarltech.blog\/?p=48232"},"modified":"2024-11-26T13:13:40","modified_gmt":"2024-11-26T12:13:40","slug":"le-role-de-zebra-dans-le-green-deal-europeen","status":"publish","type":"post","link":"https:\/\/jarltech.blog\/fr\/non-classifiee\/le-role-de-zebra-dans-le-green-deal-europeen","title":{"rendered":"Le r\u00f4le de Zebra dans le Green Deal europ\u00e9en"},"content":{"rendered":"\n<h4 class=\"wp-block-heading has-text-color has-link-color wp-elements-69b210e993833ef27a39d3080b7ab011\" style=\"color:#0078c0\">Jakob Nieweg, Deputy Head Brand Management de Jarltech Europe GmbH, s\u2019est entretenu avec Richard Barfield, Product Marketing Manager EMEA chez Zebra Technologies, \u00e0 propos du r\u00f4le de Zebra dans le Green Deal europ\u00e9en (EGD).<\/h4>\n\n\n\n<p class=\"has-text-color has-link-color wp-elements-e3c89d2079dc001f39bae4b33077931d\" style=\"color:#464646\"><strong>Le 11 d\u00e9cembre 2019, la Commission europ\u00e9enne a pr\u00e9sent\u00e9 un concept \u00e0 l\u2019aide duquel l\u2019Union europ\u00e9enne souhaite r\u00e9duire \u00e0 z\u00e9ro ses \u00e9missions nettes de gaz de serre d\u2019ici 2050 pour devenir climatiquement neutre. Pour que ce but puisse \u00eatre atteint, le concours de chacun est n\u00e9cessaire. Zebra apporte sa contribution avec des technologies \u00e9coconviviales innovantes.<\/strong><\/p>\n\n\n\n<div class=\"wp-block-columns is-layout-flex wp-container-core-columns-is-layout-9d6595d7 wp-block-columns-is-layout-flex\">\n<div class=\"wp-block-column is-layout-flow wp-block-column-is-layout-flow\" style=\"flex-basis:49.5%\">\n<p class=\"has-text-color has-link-color wp-elements-a2878ce51ff714d0d261c0be7554f59d\" style=\"color:#464646\"><strong>Jakob Nieweg: Bonjour, Richard, je me r\u00e9jouis de m\u2019entretenir avec toi sur le r\u00f4le de Zebra dans le Green Deal europ\u00e9en (EGD). Qu\u2019est-ce que c\u2019est pr\u00e9cis\u00e9ment que le Green Deal europ\u00e9en et quels sont ses objectifs principaux ? Que signifie le passeport num\u00e9rique des produits (DPP) et est-ce qu\u2019il contribue \u00e0 la r\u00e9alisation des objectifs du Green Deal ?<\/strong><\/p>\n\n\n\n<p class=\"caps\"><strong>Richard Barfield:<\/strong> Bonjour, Jakob, je me r\u00e9jouis \u00e9galement d\u2019\u00eatre ici. Le Green Deal europ\u00e9en est une strat\u00e9gie globale mise en place par l\u2019Union europ\u00e9enne pour faire de l\u2019Europe, d\u2019ici 2050, le premier continent climatiquement neutre. Les objectifs principaux sont la r\u00e9duction des \u00e9missions de gaz \u00e0 effet de serre, la promotion d\u2019une croissance \u00e9conomique durable et la protection de l\u2019environnement par diverses actions r\u00e9gulatoires et politiques. Cette strat\u00e9gie comprend trois composantes cl\u00e9s : le Green Deal europ\u00e9en, l\u2019initiative principale qui d\u00e9termine les objectifs, un \u00e9codesign pour produits durables qui d\u00e9termine d\u2019embl\u00e9e comment les produits, dans la perspective de l\u2019\u00e9conomie circulaire, seront con\u00e7us et le passeport num\u00e9rique des produits (DPP) qui contient des informations sur leur cycle de vie. L\u2019objectif du DPP est d\u2019am\u00e9liorer la transparence, la tra\u00e7abilit\u00e9 et la responsabilisation au sein de la cha\u00eene logistique et de permettre aux consommateurs et aux entreprises de prendre des d\u00e9cisions \u00e9clair\u00e9es sur la base des incidences environnementales d\u2019un produit.<\/p>\n\n\n\n<div style=\"height:20px\" aria-hidden=\"true\" class=\"wp-block-spacer\"><\/div>\n\n\n\n<p class=\"has-text-color has-link-color wp-elements-560b42e5ac2663c78ef92161cc210c82\" style=\"color:#464646\"><strong>Jakob Nieweg: Quelle est pr\u00e9cis\u00e9ment la contribution des technologies PDV et Auto-ID \u00e0 la mise en \u0153uvre du Green Deal et du DPP ?<\/strong><\/p>\n\n\n\n<p><strong>Richard Barfield:<\/strong> ALes technologies AIDC sont d\u00e9cisives pour l\u2019am\u00e9lioration de la tra\u00e7abilit\u00e9 et de la transparence au sein des cha\u00eenes logistiques. Les scanners de codes-barres, les \u00e9tiquettes thermiques, les solutions informatiques mobiles, les imprimantes RFID et les \u00e9tiquettes RFID permettent le suivi en temps r\u00e9el des produits tout au long de leur cycle de vie. Les technologies d\u2019impression thermique de Zebra prennent en charge l\u2019impression et l\u2019encodage de codes QR et de tags RFID pour mettre \u00e0 disposition une ID s\u00e9rialis\u00e9e pour chaque produit. Des solutions de lecture avanc\u00e9es capturent les donn\u00e9es essentielles \u00e0 chaque phase de la cha\u00eene logistique et assurent que toutes les informations requises par un DPP sont pr\u00e9cis\u00e9ment enregistr\u00e9es et ais\u00e9ment accessibles. De cette fa\u00e7on, les consommateurs b\u00e9n\u00e9ficient d\u2019informations transparentes sur les incidences environnementales des produits qu\u2019ils ont achet\u00e9s.<\/p>\n\n\n\n<div style=\"height:20px\" aria-hidden=\"true\" class=\"wp-block-spacer\"><\/div>\n\n\n\n<p class=\"has-text-color has-link-color wp-elements-3741039153fdf52f10fbda21bb847237\" style=\"color:#464646\"><strong>Jakob Nieweg: Quel r\u00f4le joue un passeport num\u00e9rique de produit (DPP) dans l\u2019am\u00e9lioration de la transparence des cha\u00eenes logistiques ? Quels en sont, en l\u2019occurrence, les objectifs et les avantages essentiels ?<\/strong><\/p>\n\n\n\n<p><strong>Richard Barfield:<\/strong> Pour l\u2019essentiel, le DPP va faciliter la transparence de la cha\u00eene logistique par la mise \u00e0 disposition d\u2019informations d\u00e9taill\u00e9es, accessibles et v\u00e9rifiables sur le cycle de vie d\u2019un produit, telles que le suivi de composants et de mat\u00e9riaux, l\u2019\u00e9change de donn\u00e9es en temps r\u00e9el, le respect de prescriptions et la v\u00e9rification, ce qui apporte un soutien \u00e0 une approche plus durable et plus \u00e9thique pour la production et la consommation en accord avec les objectifs globaux de durabilit\u00e9. Si les consommateurs sont en mesure de prendre des d\u00e9cisions d\u2019achat sur la base de pratiques durables et \u00e9thiques par rapport \u00e0 un produit, leur comportement vis-\u00e0-vis des produits devrait \u00eatre amen\u00e9 \u00e0 changer.<\/p>\n<\/div>\n\n\n\n<div class=\"wp-block-column is-layout-flow wp-block-column-is-layout-flow\" style=\"flex-basis:1%\"><\/div>\n\n\n\n<div class=\"wp-block-column is-layout-flow wp-block-column-is-layout-flow\" style=\"flex-basis:49.5%\">\n<p class=\"has-text-color has-link-color wp-elements-561a019605db584ec1822ec0869f733b\" style=\"color:#464646\"><strong>Jakob Nieweg: Qu\u2019est-ce qu\u2019il en est des exigences en termes de technologie et de protection des donn\u00e9es lors de la mise en \u0153uvre du DPP ? \u00c0 ton avis, quelles sont les informations produits qu\u2019un DPP devrait contenir pour \u00eatre efficace ?<\/strong><\/p>\n\n\n\n<p><strong>Richard Barfield:<\/strong> Les entreprises font face \u00e0 des d\u00e9fis dans les domaines de l\u2019interop\u00e9rabilit\u00e9, de la gestion des donn\u00e9es, de la compliance et de la cybers\u00e9curit\u00e9. Pour ma\u00eetriser ces d\u00e9fis avec succ\u00e8s, un DPP doit disposer d\u2019informations compl\u00e8tes sur les d\u00e9tails des produits, les composants et les mat\u00e9riaux, les proc\u00e9d\u00e9s de fabrication, les incidences environnementales, la conformit\u00e9 et les certifications, la tra\u00e7abilit\u00e9 de la cha\u00eene logistique, les instructions pour la fin de dur\u00e9e de vie des produits et des informations pour les consommateurs.<\/p>\n\n\n\n<div style=\"height:20px\" aria-hidden=\"true\" class=\"wp-block-spacer\"><\/div>\n\n\n\n<p class=\"has-text-color has-link-color wp-elements-6b7a607f1d26f9cc08814a7b2f7b0e9e\" style=\"color:#464646\"><strong>Jakob Nieweg: Quelles sont les possibilit\u00e9s offertes aux constructeurs par les nouveaux d\u00e9crets et la mise en \u0153uvre du DPP ?<\/strong><\/p>\n\n\n\n<p><strong>Richard Barfield:<\/strong> J\u2019ai d\u00e9j\u00e0 mentionn\u00e9 quelques facteurs tels que l\u2019accroissement de l\u2019efficience, la confiance des consommateurs et la diff\u00e9renciation des march\u00e9s. Mais il est \u00e9galement payant de jeter un \u0153il sur des facteurs moins manifestes dont fait partie, par exemple, l\u2019acc\u00e8s \u00e0 des moyens financiers durables. Les entreprises qui, dans le cadre de l\u2019EPP, apportent la preuve de fortes pratiques de durabilit\u00e9 ont \u00e9ventuellement un meilleur acc\u00e8s \u00e0 des options de financement vertes, y compris des taux d\u2019int\u00e9r\u00eat de pr\u00eat plus faibles, des investissements plus \u00e9lev\u00e9s d\u2019investisseurs orient\u00e9s vers les crit\u00e8res environnementaux, sociaux et de gouvernance (ESG) ainsi que des allocations et des subventions du gouvernement.<br><br>Gr\u00e2ce au respect de normes internationales de durabilit\u00e9, il est \u00e9galement possible de d\u00e9velopper de nouveaux march\u00e9s d\u2019exportation et d\u2019\u00e9tablir des relations commerciales, \u00e9tant donn\u00e9 que de nombreux pays et r\u00e9gions donnent la pr\u00e9f\u00e9rence \u00e0 des produits durables. De m\u00eame, l\u2019engagement et la fid\u00e9lisation des collaborateurs sont renforc\u00e9s, \u00e9tant donn\u00e9 que ceux-ci accordent de plus en plus de valeur \u00e0 la durabilit\u00e9 et \u00e0 des pratiques \u00e9thiques.<\/p>\n\n\n\n<div style=\"height:20px\" aria-hidden=\"true\" class=\"wp-block-spacer\"><\/div>\n\n\n\n<p class=\"has-text-color has-link-color wp-elements-a868608703658e6b1be6984683247b52\" style=\"color:#464646\"><strong>Jakob Nieweg: Quels sont les premi\u00e8res \u00e9tapes qu\u2019une entreprise devrait entreprendre pour am\u00e9liorer le monitoring environnemental au sein de sa cha\u00eene logistique ? Comment les entreprises peuvent-elles \u00eatre pr\u00e9par\u00e9es \u00e0 la durabilit\u00e9 et b\u00e9n\u00e9ficier d\u2019une assistance ?<\/strong><\/p>\n\n\n\n<p><strong>Richard Barfield:<\/strong> L\u2019am\u00e9lioration du management environnemental au sein de la cha\u00eene logistique englobe une s\u00e9rie d\u2019\u00e9tapes strat\u00e9giques, telles que la r\u00e9alisation d\u2019un \u00ab \u00e9tat des lieux \u00bb, l\u2019implication des parties prenantes, l\u2019introduction d\u2019instruments de surveillance, la mise au point d\u2019une politique d\u2019achats durable et des formations.<br><br>Chez Zebra, nous avons pris l\u2019engagement de respecter l\u2019initiative Science Based Targets (SBTi). De plus, nous avons un groupe de ressources de collaborateurs d\u00e9nomm\u00e9 \u00ab The Green Herd \u00bb. Ce groupe se compose de 300 volontaires dans le monde entier qui mesurent leur propre empreinte carbone et sont d\u00e9sireux d\u2019assumer la responsabilit\u00e9 d\u2019am\u00e9liorations dans ce domaine. C\u2019est un formidable exemple : d\u00e8s lors que des personnes, individuellement, prennent l\u2019initiative, des organisations peuvent \u00e9galement le faire.<br><br>La premi\u00e8re \u00e9tape devrait toujours consister \u00e0 d\u00e9finir des objectifs clairs. D\u00e8s qu\u2019ils sont recens\u00e9s, il est possible de commencer \u00e0 identifier les domaines susceptibles d\u2019\u00eatre am\u00e9lior\u00e9s. Je sugg\u00e9rerais de commencer par la modernisation des cha\u00eenes logistiques. Le DPP sera tributaire de d\u00e9clencheurs num\u00e9riques tels que les codes QR et les \u00e9tiquettes RFID. Quand les clients sont \u00e0 la tra\u00eene en termes de technologie \u2013 ils utilisent peut-\u00eatre encore des crayons et du papier ou se cantonnent \u00e0 des codes 1D \u2013, l\u2019assistance apport\u00e9e lors de l\u2019impl\u00e9mentation de technologies et de process actuels est une entr\u00e9e en mati\u00e8re prometteuse.<\/p>\n<\/div>\n<\/div>\n\n\n\n<div class=\"wp-block-columns has-background is-layout-flex wp-container-core-columns-is-layout-9d6595d7 wp-block-columns-is-layout-flex\" style=\"background-color:#efefef\">\n<div class=\"wp-block-column is-layout-flow wp-block-column-is-layout-flow\" style=\"flex-basis:49.5%\">\n<div class=\"wp-block-columns is-layout-flex wp-container-core-columns-is-layout-9d6595d7 wp-block-columns-is-layout-flex\">\n<div class=\"wp-block-column is-layout-flow wp-block-column-is-layout-flow\" style=\"flex-basis:1%\"><\/div>\n\n\n\n<div class=\"wp-block-column is-layout-flow wp-block-column-is-layout-flow\" style=\"flex-basis:99%\">\n<div style=\"height:20px\" aria-hidden=\"true\" class=\"wp-block-spacer\"><\/div>\n\n\n\n<h4 class=\"wp-block-heading has-text-color has-link-color wp-elements-41cfffa05726aa30146c192dbfea0c55\" style=\"color:#0078c0\"><strong>Zebra Electronic Temperature Sensors<\/strong><\/h4>\n\n\n\n<ul class=\"wp-block-list\">\n<li>Capteurs de temp\u00e9rature pour -40 \u00e0 85 \u00b0C (-40 \u00e0 185 \u00b0F)<\/li>\n\n\n\n<li>M\u00e9moire interne pour plus de 16 000 enregistrements de donn\u00e9es<\/li>\n\n\n\n<li>Prennent en charge Zebra EDGEVue et OCEABridge<\/li>\n<\/ul>\n\n\n\n<hr class=\"wp-block-separator has-text-color has-alpha-channel-opacity has-background\" style=\"background-color:#0078c0;color:#0078c0\"\/>\n\n\n\n<div style=\"height:40px\" aria-hidden=\"true\" class=\"wp-block-spacer\"><\/div>\n\n\n\n<div class=\"wp-block-buttons is-content-justification-center is-layout-flex wp-container-core-buttons-is-layout-16018d1d wp-block-buttons-is-layout-flex\">\n<div class=\"wp-block-button\"><a class=\"wp-block-button__link has-background wp-element-button\" href=\"https:\/\/www.jarltech.com\/fr\/zebra-electronic-temperature-sensors\" style=\"background-color:#0078c0\" target=\"_blank\" rel=\"noreferrer noopener\">En savoir plus !<\/a><\/div>\n<\/div>\n<\/div>\n<\/div>\n<\/div>\n\n\n\n<div class=\"wp-block-column is-layout-flow wp-block-column-is-layout-flow\" style=\"flex-basis:1%\"><\/div>\n\n\n\n<div class=\"wp-block-column is-layout-flow wp-block-column-is-layout-flow\" style=\"flex-basis:49.5%\"><div class=\"wp-block-image\">\n<figure class=\"alignleft size-full is-resized\"><img loading=\"lazy\" decoding=\"async\" width=\"1000\" height=\"1000\" src=\"https:\/\/jarltech.blog\/a\/wp-content\/uploads\/2024\/11\/WP_ZEB_ZS300-ZB200_left_shop.png\" alt=\"\" class=\"wp-image-48245\" style=\"width:271px;height:auto\" srcset=\"https:\/\/jarltech.blog\/a\/wp-content\/uploads\/2024\/11\/WP_ZEB_ZS300-ZB200_left_shop.png 1000w, https:\/\/jarltech.blog\/a\/wp-content\/uploads\/2024\/11\/WP_ZEB_ZS300-ZB200_left_shop-300x300.png 300w, https:\/\/jarltech.blog\/a\/wp-content\/uploads\/2024\/11\/WP_ZEB_ZS300-ZB200_left_shop-150x150.png 150w, https:\/\/jarltech.blog\/a\/wp-content\/uploads\/2024\/11\/WP_ZEB_ZS300-ZB200_left_shop-768x768.png 768w\" sizes=\"auto, (max-width: 1000px) 100vw, 1000px\" \/><\/figure>\n<\/div><\/div>\n<\/div>\n\n\n\n<div style=\"height:20px\" aria-hidden=\"true\" class=\"wp-block-spacer\"><\/div>\n\n\n\n<div class=\"wp-block-columns has-background is-layout-flex wp-container-core-columns-is-layout-9d6595d7 wp-block-columns-is-layout-flex\" style=\"background-color:#efefef\">\n<div class=\"wp-block-column is-layout-flow wp-block-column-is-layout-flow\" style=\"flex-basis:49.5%\">\n<div class=\"wp-block-columns is-layout-flex wp-container-core-columns-is-layout-9d6595d7 wp-block-columns-is-layout-flex\">\n<div class=\"wp-block-column is-layout-flow wp-block-column-is-layout-flow\" style=\"flex-basis:1%\"><\/div>\n\n\n\n<div class=\"wp-block-column is-layout-flow wp-block-column-is-layout-flow\" style=\"flex-basis:99%\">\n<div style=\"height:20px\" aria-hidden=\"true\" class=\"wp-block-spacer\"><\/div>\n\n\n\n<h4 class=\"wp-block-heading has-text-color has-link-color wp-elements-a7a1d6f636c1f2a3e9c531341cd359cc\" style=\"color:#0078c0\"><strong><strong>ET40\/ET45<\/strong><\/strong><\/h4>\n\n\n\n<ul class=\"wp-block-list\">\n<li>Tablettes business avec scanner professionel int\u00e9gr\u00e9<\/li>\n\n\n\n<li>\u00c9cran tactile capacitif de 8&#8243; ou 10&#8243;<\/li>\n\n\n\n<li>Wi-Fi 6, Bluetooth 5.1 et NFC ; ET45 : 5G, GPS<\/li>\n<\/ul>\n\n\n\n<hr class=\"wp-block-separator has-text-color has-alpha-channel-opacity has-background\" style=\"background-color:#0078c0;color:#0078c0\"\/>\n\n\n\n<div style=\"height:40px\" aria-hidden=\"true\" class=\"wp-block-spacer\"><\/div>\n\n\n\n<div class=\"wp-block-buttons is-content-justification-center is-layout-flex wp-container-core-buttons-is-layout-16018d1d wp-block-buttons-is-layout-flex\">\n<div class=\"wp-block-button\"><a class=\"wp-block-button__link has-background wp-element-button\" href=\"https:\/\/www.jarltech.com\/fr\/zebra-et40et45-0\" style=\"background-color:#0078c0\" target=\"_blank\" rel=\"noreferrer noopener\">En savoir plus !<\/a><\/div>\n<\/div>\n<\/div>\n<\/div>\n<\/div>\n\n\n\n<div class=\"wp-block-column is-layout-flow wp-block-column-is-layout-flow\" style=\"flex-basis:1%\"><\/div>\n\n\n\n<div class=\"wp-block-column is-layout-flow wp-block-column-is-layout-flow\" style=\"flex-basis:49.5%\"><div class=\"wp-block-image\">\n<figure class=\"alignleft size-full is-resized\"><img loading=\"lazy\" decoding=\"async\" width=\"600\" height=\"600\" src=\"https:\/\/jarltech.blog\/a\/wp-content\/uploads\/2024\/11\/WP_ZEB_ET40_10in_black_left.png\" alt=\"\" class=\"wp-image-48200\" style=\"width:313px;height:auto\" srcset=\"https:\/\/jarltech.blog\/a\/wp-content\/uploads\/2024\/11\/WP_ZEB_ET40_10in_black_left.png 600w, https:\/\/jarltech.blog\/a\/wp-content\/uploads\/2024\/11\/WP_ZEB_ET40_10in_black_left-300x300.png 300w, https:\/\/jarltech.blog\/a\/wp-content\/uploads\/2024\/11\/WP_ZEB_ET40_10in_black_left-150x150.png 150w\" sizes=\"auto, (max-width: 600px) 100vw, 600px\" \/><\/figure>\n<\/div><\/div>\n<\/div>\n\n\n\n<div style=\"height:20px\" aria-hidden=\"true\" class=\"wp-block-spacer\"><\/div>\n\n\n\n<div class=\"wp-block-columns has-background is-layout-flex wp-container-core-columns-is-layout-9d6595d7 wp-block-columns-is-layout-flex\" style=\"background-color:#efefef\">\n<div class=\"wp-block-column is-layout-flow wp-block-column-is-layout-flow\" style=\"flex-basis:49.5%\">\n<div class=\"wp-block-columns is-layout-flex wp-container-core-columns-is-layout-9d6595d7 wp-block-columns-is-layout-flex\">\n<div class=\"wp-block-column is-layout-flow wp-block-column-is-layout-flow\" style=\"flex-basis:1%\"><\/div>\n\n\n\n<div class=\"wp-block-column is-layout-flow wp-block-column-is-layout-flow\" style=\"flex-basis:99%\">\n<div style=\"height:20px\" aria-hidden=\"true\" class=\"wp-block-spacer\"><\/div>\n\n\n\n<h4 class=\"wp-block-heading has-text-color has-link-color wp-elements-46c4ca1f1f35948e35c701eaaaa07e3e\" style=\"color:#0078c0\"><strong><strong><strong>ET60\/ET65<\/strong><\/strong><\/strong><\/h4>\n\n\n\n<ul class=\"wp-block-list\">\n<li>Tablettes Android ou Windows (ET60W\/ET65W)<\/li>\n\n\n\n<li>Batterie de 8 920 mAh rempla\u00e7able \u00e0 chaud (batterie de 17 840 mAh en option)<\/li>\n\n\n\n<li>Wi-Fi 6, Bluetooth 5.2 et NFC ; ET65 : 5G, GPS<\/li>\n<\/ul>\n\n\n\n<hr class=\"wp-block-separator has-text-color has-alpha-channel-opacity has-background\" style=\"background-color:#0078c0;color:#0078c0\"\/>\n\n\n\n<div style=\"height:40px\" aria-hidden=\"true\" class=\"wp-block-spacer\"><\/div>\n\n\n\n<div class=\"wp-block-buttons is-content-justification-center is-layout-flex wp-container-core-buttons-is-layout-16018d1d wp-block-buttons-is-layout-flex\">\n<div class=\"wp-block-button\"><a class=\"wp-block-button__link has-background wp-element-button\" href=\"https:\/\/www.jarltech.com\/fr\/zebra-et60et65\" style=\"background-color:#0078c0\" target=\"_blank\" rel=\"noreferrer noopener\">En savoir plus !<\/a><\/div>\n<\/div>\n<\/div>\n<\/div>\n<\/div>\n\n\n\n<div class=\"wp-block-column is-layout-flow wp-block-column-is-layout-flow\" style=\"flex-basis:1%\"><\/div>\n\n\n\n<div class=\"wp-block-column is-layout-flow wp-block-column-is-layout-flow\" style=\"flex-basis:49.5%\"><div class=\"wp-block-image\">\n<figure class=\"alignleft size-full is-resized\"><img loading=\"lazy\" decoding=\"async\" width=\"600\" height=\"600\" src=\"https:\/\/jarltech.blog\/a\/wp-content\/uploads\/2024\/11\/WP_ZEB_ET60_front.png\" alt=\"\" class=\"wp-image-48207\" style=\"width:364px;height:auto\" srcset=\"https:\/\/jarltech.blog\/a\/wp-content\/uploads\/2024\/11\/WP_ZEB_ET60_front.png 600w, https:\/\/jarltech.blog\/a\/wp-content\/uploads\/2024\/11\/WP_ZEB_ET60_front-300x300.png 300w, https:\/\/jarltech.blog\/a\/wp-content\/uploads\/2024\/11\/WP_ZEB_ET60_front-150x150.png 150w\" sizes=\"auto, (max-width: 600px) 100vw, 600px\" \/><\/figure>\n<\/div><\/div>\n<\/div>\n\n\n\n<div style=\"height:30px\" aria-hidden=\"true\" class=\"wp-block-spacer\"><\/div>\n\n\n\n<div class=\"wp-block-columns is-layout-flex wp-container-core-columns-is-layout-9d6595d7 wp-block-columns-is-layout-flex\">\n<div class=\"wp-block-column is-layout-flow wp-block-column-is-layout-flow\" style=\"flex-basis:49.5%\">\n<p class=\"has-text-color has-link-color wp-elements-e1204b3763766efc1abdb7f539d7c57c\" style=\"color:#464646\"><strong>Jakob Nieweg: Comment se pr\u00e9sente l\u2019avenir des cha\u00eenes logistiques p\u00e9rennes ? Quelles sont les tendances et les \u00e9volutions attendues au cours des prochaines ann\u00e9es ? Comment Zebra apporte-t-il son soutien au march\u00e9 ?<\/strong><\/p>\n\n\n\n<p><strong>Richard Barfield: <\/strong>Le Green Deal europ\u00e9en et le DPP vont faire encore progresser des tendances telles que l\u2019Internet des objets (IoT), le RFID, le blockchain ainsi que l\u2019IA, l\u2019apprentissage machine et la vision artificielle. Les aper\u00e7us en temps r\u00e9el, la visibilit\u00e9 et la transparence ainsi que la prise de d\u00e9cisions bas\u00e9e sur des donn\u00e9es gagneront \u00e9galement en importance. Nous verrons des cha\u00eenes logistiques dans lesquels les travailleurs \u00ab de premi\u00e8re ligne \u00bb, tout comme le management, seront mieux r\u00e9seaut\u00e9s et disposeront d\u2019appareils \u00e0 technologie wearable \u2013 une offre centrale de Zebra.<br><br>En voici un exemple : \u00e0 partir de 2029, le DPP pour denr\u00e9es alimentaires imposera que des informations en temps r\u00e9el sur l\u2019\u00e9tat de fra\u00eecheur ou de cong\u00e9lation soient disponibles pendant le transport afin que des mesures puissent \u00eatre prises d\u00e8s que des divergences des param\u00e8tres de temp\u00e9rature fix\u00e9s sont susceptibles d\u2019affecter l\u2019\u00e9tat du produit. Zebra offre une s\u00e9rie de capteurs d\u2019environnement \u00e9lectroniques et optiques qui satisfont \u00e0 ces exigences. Notre capteur de temp\u00e9rature ZS300 offre, conjointement avec le ZB200 Bridge, une solution optimale pour la capture de donn\u00e9es en r\u00e9seau destin\u00e9e \u00e0 \u00e9tablir une cha\u00eene de tra\u00e7abilit\u00e9, \u00e0 maximiser la productivit\u00e9 et \u00e0 garantir la qualit\u00e9 ainsi que le respect des prescriptions. En association avec nos tablettes ET40\/ET45 et ET60\/ET65, ces capteurs forment un parfait \u00e9cosyst\u00e8me qui offre une vue d\u2019ensemble des donn\u00e9es de temp\u00e9rature de chaque ZS300 ou de chaque ZB200 et permet ainsi une vue parfaite du tableau de bord.<\/p>\n\n\n\n<div class=\"wp-block-columns is-layout-flex wp-container-core-columns-is-layout-9d6595d7 wp-block-columns-is-layout-flex\">\n<div class=\"wp-block-column has-background is-layout-flow wp-block-column-is-layout-flow\" style=\"background-color:#0078c0\">\n<div style=\"height:20px\" aria-hidden=\"true\" class=\"wp-block-spacer\"><\/div>\n\n\n\n<p class=\"has-text-align-center has-white-color has-text-color has-link-color wp-elements-654735d1629b4a80772c50c224d3a5b0\"><strong>D\u00e9couvrez d&#8217;autres appareils Zebra fiables <\/strong><br><strong>pour l&#8217;industrie sur notre microsite&nbsp;<\/strong><\/p>\n\n\n\n<div class=\"wp-block-buttons is-content-justification-center is-layout-flex wp-container-core-buttons-is-layout-16018d1d wp-block-buttons-is-layout-flex\">\n<div class=\"wp-block-button\"><a class=\"wp-block-button__link has-white-background-color has-text-color has-background has-link-color has-text-align-center wp-element-button\" href=\"https:\/\/zebra-manufacturing.jarltech.com\/en\/zebra-manufacturing\" style=\"color:#0078c0\" target=\"_blank\" rel=\"noreferrer noopener\">En savoir plus !<\/a><\/div>\n<\/div>\n\n\n\n<div style=\"height:20px\" aria-hidden=\"true\" class=\"wp-block-spacer\"><\/div>\n<\/div>\n<\/div>\n<\/div>\n\n\n\n<div class=\"wp-block-column is-layout-flow wp-block-column-is-layout-flow\" style=\"flex-basis:1%\"><\/div>\n\n\n\n<div class=\"wp-block-column is-layout-flow wp-block-column-is-layout-flow\" style=\"flex-basis:49.5%\">\n<p class=\"has-text-color has-link-color wp-elements-e1aca9acb4887370aa0267373ccf75f8\" style=\"color:#464646\"><strong>Jakob Nieweg: Quelles sont les autres \u00e9tapes entreprises jusqu\u2019\u00e0 pr\u00e9sent par Zebra pour promouvoir la durabilit\u00e9 dans la production ? Quelles incidences \u00e0 long terme le Green Deal a-t-il pour Zebra&nbsp;?<\/strong><\/p>\n\n\n\n<p><strong>Richard Barfield:<\/strong> J\u2019ai d\u00e9j\u00e0 \u00e9voqu\u00e9 nos objectifs bas\u00e9s sur la science (SBTi) et notre mouvement \u00ab Green Herd \u00bb. En outre, cette ann\u00e9e, nous avons publi\u00e9 notre premier rapport sur le d\u00e9veloppement durable. Ce rapport englobe les initiatives globales de tous les sites, succursales, services et collaborateurs de Zebra. Pour atteindre nos objectifs ambitieux, il nous faut interroger en permanence nos pratiques et nos process. En font partie des projets visant \u00e0 l\u2019\u00e9limination du plastique jetable de nos emballages, la mise \u00e0 disposition de stations de chargement pour v\u00e9hicules \u00e9lectriques dans nos parcs de stationnement et la recherche de mat\u00e9riaux plus \u00e9coconviviaux pour nos produits, tels que l\u2019amidon de pomme de terre pour les cartouches de nos imprimantes ZSB.<br><br>Avec notre programme Sustainability Recognition, nous avons donn\u00e9 vie \u00e0 une formidable initiative pour nos partenaires de distribution. La reconnaissance repose sur la comp\u00e9tence professionnelle et les investissements de nos partenaires dans des solutions durables.<br><br>Actuellement, nous constatons chez nos clients une demande croissante de produits durables. Une partie de cette demande est motiv\u00e9e par le respect de lois et de prescriptions, mais une grande partie provient volontairement de clients qui combattent en premi\u00e8re ligne en s\u2019appuyant sur des directives proactives de la RSE. Le DPP sera la force motrice qui garantira qu\u2019\u00e0 l\u2019avenir, toutes les parties prenantes satisferont aux exigences d\u2019un avenir plus durable.<\/p>\n\n\n\n<div style=\"height:20px\" aria-hidden=\"true\" class=\"wp-block-spacer\"><\/div>\n\n\n\n<p class=\"has-text-color has-link-color wp-elements-27f2de4a87e5c42057a6afaca3c121be\" style=\"color:#464646\"><strong>Jakob Nieweg: ichard, merci d\u2019avoir pris le temps de r\u00e9pondre \u00e0 mes questions \u00e0 propos du r\u00f4le de Zebra dans le Green Deal europ\u00e9en. Je suis certain que c\u2019est une aide pr\u00e9cieuse pour tous ceux qui s\u2019int\u00e9ressent \u00e0 ce sujet.<\/strong><\/p>\n<\/div>\n<\/div>\n\n\n\n<div style=\"height:20px\" aria-hidden=\"true\" class=\"wp-block-spacer\"><\/div>\n\n\n\n<hr class=\"wp-block-separator has-text-color has-alpha-channel-opacity has-background\" style=\"background-color:#0078c0;color:#0078c0\"\/>\n\n\n\n<div style=\"height:10px\" aria-hidden=\"true\" class=\"wp-block-spacer\"><\/div>\n\n\n\n<div class=\"wp-block-columns is-layout-flex wp-container-core-columns-is-layout-9d6595d7 wp-block-columns-is-layout-flex\">\n<div class=\"wp-block-column is-layout-flow wp-block-column-is-layout-flow\">\n<div style=\"height:35px\" aria-hidden=\"true\" class=\"wp-block-spacer\"><\/div>\n\n\n\n<p class=\"has-text-color has-link-color wp-elements-74925df8da377fa88f7d30eba391cb68\" style=\"color:#0078c0\"><strong><strong>Lors de votre prochain appel t\u00e9l\u00e9phonique, interrogez votre interlocuteur des ventes \u00e0 propos des capteurs de temp\u00e9rature \u00e9lectroniques ainsi qu\u2019\u00e0 propos des tablettes ET40\/ET45 et ET60\/ET65 de Zebra&nbsp;!<\/strong><\/strong><\/p>\n<\/div>\n\n\n\n<div class=\"wp-block-column is-layout-flow wp-block-column-is-layout-flow\"><div class=\"wp-block-image\">\n<figure class=\"aligncenter size-large is-resized\"><img loading=\"lazy\" decoding=\"async\" width=\"1024\" height=\"663\" src=\"https:\/\/jarltech.blog\/a\/wp-content\/uploads\/2020\/10\/Zebra_Logo_K_xl-2-1024x663.png\" alt=\"\" class=\"wp-image-9328\" style=\"width:284px;height:auto\" srcset=\"https:\/\/jarltech.blog\/a\/wp-content\/uploads\/2020\/10\/Zebra_Logo_K_xl-2-1024x663.png 1024w, https:\/\/jarltech.blog\/a\/wp-content\/uploads\/2020\/10\/Zebra_Logo_K_xl-2-300x194.png 300w, https:\/\/jarltech.blog\/a\/wp-content\/uploads\/2020\/10\/Zebra_Logo_K_xl-2-768x497.png 768w, https:\/\/jarltech.blog\/a\/wp-content\/uploads\/2020\/10\/Zebra_Logo_K_xl-2.png 1224w\" sizes=\"auto, (max-width: 1024px) 100vw, 1024px\" \/><\/figure>\n<\/div><\/div>\n<\/div>\n","protected":false},"excerpt":{"rendered":"<p>Jakob Nieweg, Deputy Head Brand Management de Jarltech Europe GmbH, s\u2019est entretenu avec Richard Barfield, Product Marketing Manager EMEA chez Zebra Technologies, \u00e0 propos du r\u00f4le de Zebra dans le<\/p>\n","protected":false},"author":18,"featured_media":48282,"comment_status":"closed","ping_status":"closed","sticky":false,"template":"","format":"standard","meta":{"footnotes":""},"categories":[64],"tags":[],"class_list":["post-48232","post","type-post","status-publish","format-standard","has-post-thumbnail","hentry","category-non-classifiee"],"yoast_head":"<!-- This site is optimized with the Yoast SEO plugin v27.5 - https:\/\/yoast.com\/product\/yoast-seo-wordpress\/ -->\n<title>Le r\u00f4le de Zebra dans le Green Deal europ\u00e9en - Jarltech.blog<\/title>\n<meta name=\"robots\" content=\"index, follow, max-snippet:-1, max-image-preview:large, max-video-preview:-1\" \/>\n<link rel=\"canonical\" href=\"https:\/\/jarltech.blog\/fr\/non-classifiee\/le-role-de-zebra-dans-le-green-deal-europeen\" \/>\n<meta name=\"twitter:card\" content=\"summary_large_image\" \/>\n<meta name=\"twitter:title\" content=\"Le r\u00f4le de Zebra dans le Green Deal europ\u00e9en - Jarltech.blog\" \/>\n<meta name=\"twitter:description\" content=\"Jakob Nieweg, Deputy Head Brand Management de Jarltech Europe GmbH, s\u2019est entretenu avec Richard Barfield, Product Marketing Manager EMEA chez Zebra Technologies, \u00e0 propos du r\u00f4le de Zebra dans le\" \/>\n<meta name=\"twitter:image\" content=\"https:\/\/jarltech.blog\/a\/wp-content\/uploads\/2024\/11\/WP_ZEB_Interview_Green-deal_FR.png\" \/>\n<meta name=\"twitter:creator\" content=\"@jarltech\" \/>\n<meta name=\"twitter:site\" content=\"@jarltech\" \/>\n<meta name=\"twitter:label1\" content=\"Written by\" \/>\n\t<meta name=\"twitter:data1\" content=\"David Barclay\" \/>\n\t<meta name=\"twitter:label2\" content=\"Est. reading time\" \/>\n\t<meta name=\"twitter:data2\" content=\"12 minutes\" \/>\n<script type=\"application\/ld+json\" class=\"yoast-schema-graph\">{\"@context\":\"https:\\\/\\\/schema.org\",\"@graph\":[{\"@type\":\"Article\",\"@id\":\"https:\\\/\\\/jarltech.blog\\\/fr\\\/non-classifiee\\\/le-role-de-zebra-dans-le-green-deal-europeen#article\",\"isPartOf\":{\"@id\":\"https:\\\/\\\/jarltech.blog\\\/fr\\\/non-classifiee\\\/le-role-de-zebra-dans-le-green-deal-europeen\"},\"author\":{\"name\":\"David Barclay\",\"@id\":\"https:\\\/\\\/jarltech.blog\\\/#\\\/schema\\\/person\\\/82503ee109d1e3e6a8dbe05acfbd2a34\"},\"headline\":\"Le r\u00f4le de Zebra dans le Green Deal europ\u00e9en\",\"datePublished\":\"2024-11-26T08:08:52+00:00\",\"dateModified\":\"2024-11-26T12:13:40+00:00\",\"mainEntityOfPage\":{\"@id\":\"https:\\\/\\\/jarltech.blog\\\/fr\\\/non-classifiee\\\/le-role-de-zebra-dans-le-green-deal-europeen\"},\"wordCount\":2109,\"image\":{\"@id\":\"https:\\\/\\\/jarltech.blog\\\/fr\\\/non-classifiee\\\/le-role-de-zebra-dans-le-green-deal-europeen#primaryimage\"},\"thumbnailUrl\":\"https:\\\/\\\/jarltech.blog\\\/a\\\/wp-content\\\/uploads\\\/2024\\\/11\\\/WP_ZEB_Interview_Green-deal_FR.png\",\"articleSection\":[\"Non classifi\u00e9(e)\"],\"inLanguage\":\"fr-FR\"},{\"@type\":\"WebPage\",\"@id\":\"https:\\\/\\\/jarltech.blog\\\/fr\\\/non-classifiee\\\/le-role-de-zebra-dans-le-green-deal-europeen\",\"url\":\"https:\\\/\\\/jarltech.blog\\\/fr\\\/non-classifiee\\\/le-role-de-zebra-dans-le-green-deal-europeen\",\"name\":\"Le r\u00f4le de Zebra dans le Green Deal europ\u00e9en - Jarltech.blog\",\"isPartOf\":{\"@id\":\"https:\\\/\\\/jarltech.blog\\\/#website\"},\"primaryImageOfPage\":{\"@id\":\"https:\\\/\\\/jarltech.blog\\\/fr\\\/non-classifiee\\\/le-role-de-zebra-dans-le-green-deal-europeen#primaryimage\"},\"image\":{\"@id\":\"https:\\\/\\\/jarltech.blog\\\/fr\\\/non-classifiee\\\/le-role-de-zebra-dans-le-green-deal-europeen#primaryimage\"},\"thumbnailUrl\":\"https:\\\/\\\/jarltech.blog\\\/a\\\/wp-content\\\/uploads\\\/2024\\\/11\\\/WP_ZEB_Interview_Green-deal_FR.png\",\"datePublished\":\"2024-11-26T08:08:52+00:00\",\"dateModified\":\"2024-11-26T12:13:40+00:00\",\"author\":{\"@id\":\"https:\\\/\\\/jarltech.blog\\\/#\\\/schema\\\/person\\\/82503ee109d1e3e6a8dbe05acfbd2a34\"},\"breadcrumb\":{\"@id\":\"https:\\\/\\\/jarltech.blog\\\/fr\\\/non-classifiee\\\/le-role-de-zebra-dans-le-green-deal-europeen#breadcrumb\"},\"inLanguage\":\"fr-FR\",\"potentialAction\":[{\"@type\":\"ReadAction\",\"target\":[\"https:\\\/\\\/jarltech.blog\\\/fr\\\/non-classifiee\\\/le-role-de-zebra-dans-le-green-deal-europeen\"]}]},{\"@type\":\"ImageObject\",\"inLanguage\":\"fr-FR\",\"@id\":\"https:\\\/\\\/jarltech.blog\\\/fr\\\/non-classifiee\\\/le-role-de-zebra-dans-le-green-deal-europeen#primaryimage\",\"url\":\"https:\\\/\\\/jarltech.blog\\\/a\\\/wp-content\\\/uploads\\\/2024\\\/11\\\/WP_ZEB_Interview_Green-deal_FR.png\",\"contentUrl\":\"https:\\\/\\\/jarltech.blog\\\/a\\\/wp-content\\\/uploads\\\/2024\\\/11\\\/WP_ZEB_Interview_Green-deal_FR.png\",\"width\":1200,\"height\":545},{\"@type\":\"BreadcrumbList\",\"@id\":\"https:\\\/\\\/jarltech.blog\\\/fr\\\/non-classifiee\\\/le-role-de-zebra-dans-le-green-deal-europeen#breadcrumb\",\"itemListElement\":[{\"@type\":\"ListItem\",\"position\":1,\"name\":\"Startseite\",\"item\":\"https:\\\/\\\/jarltech.blog\\\/fr\"},{\"@type\":\"ListItem\",\"position\":2,\"name\":\"Le r\u00f4le de Zebra dans le Green Deal europ\u00e9en\"}]},{\"@type\":\"WebSite\",\"@id\":\"https:\\\/\\\/jarltech.blog\\\/#website\",\"url\":\"https:\\\/\\\/jarltech.blog\\\/\",\"name\":\"Jarltech.blog\",\"description\":\"\",\"potentialAction\":[{\"@type\":\"SearchAction\",\"target\":{\"@type\":\"EntryPoint\",\"urlTemplate\":\"https:\\\/\\\/jarltech.blog\\\/?s={search_term_string}\"},\"query-input\":{\"@type\":\"PropertyValueSpecification\",\"valueRequired\":true,\"valueName\":\"search_term_string\"}}],\"inLanguage\":\"fr-FR\"},{\"@type\":\"Person\",\"@id\":\"https:\\\/\\\/jarltech.blog\\\/#\\\/schema\\\/person\\\/82503ee109d1e3e6a8dbe05acfbd2a34\",\"name\":\"David Barclay\"}]}<\/script>\n<!-- \/ Yoast SEO plugin. -->","yoast_head_json":{"title":"Le r\u00f4le de Zebra dans le Green Deal europ\u00e9en - Jarltech.blog","robots":{"index":"index","follow":"follow","max-snippet":"max-snippet:-1","max-image-preview":"max-image-preview:large","max-video-preview":"max-video-preview:-1"},"canonical":"https:\/\/jarltech.blog\/fr\/non-classifiee\/le-role-de-zebra-dans-le-green-deal-europeen","twitter_card":"summary_large_image","twitter_title":"Le r\u00f4le de Zebra dans le Green Deal europ\u00e9en - Jarltech.blog","twitter_description":"Jakob Nieweg, Deputy Head Brand Management de Jarltech Europe GmbH, s\u2019est entretenu avec Richard Barfield, Product Marketing Manager EMEA chez Zebra Technologies, \u00e0 propos du r\u00f4le de Zebra dans le","twitter_image":"https:\/\/jarltech.blog\/a\/wp-content\/uploads\/2024\/11\/WP_ZEB_Interview_Green-deal_FR.png","twitter_creator":"@jarltech","twitter_site":"@jarltech","twitter_misc":{"Written by":"David Barclay","Est. reading time":"12 minutes"},"schema":{"@context":"https:\/\/schema.org","@graph":[{"@type":"Article","@id":"https:\/\/jarltech.blog\/fr\/non-classifiee\/le-role-de-zebra-dans-le-green-deal-europeen#article","isPartOf":{"@id":"https:\/\/jarltech.blog\/fr\/non-classifiee\/le-role-de-zebra-dans-le-green-deal-europeen"},"author":{"name":"David Barclay","@id":"https:\/\/jarltech.blog\/#\/schema\/person\/82503ee109d1e3e6a8dbe05acfbd2a34"},"headline":"Le r\u00f4le de Zebra dans le Green Deal europ\u00e9en","datePublished":"2024-11-26T08:08:52+00:00","dateModified":"2024-11-26T12:13:40+00:00","mainEntityOfPage":{"@id":"https:\/\/jarltech.blog\/fr\/non-classifiee\/le-role-de-zebra-dans-le-green-deal-europeen"},"wordCount":2109,"image":{"@id":"https:\/\/jarltech.blog\/fr\/non-classifiee\/le-role-de-zebra-dans-le-green-deal-europeen#primaryimage"},"thumbnailUrl":"https:\/\/jarltech.blog\/a\/wp-content\/uploads\/2024\/11\/WP_ZEB_Interview_Green-deal_FR.png","articleSection":["Non classifi\u00e9(e)"],"inLanguage":"fr-FR"},{"@type":"WebPage","@id":"https:\/\/jarltech.blog\/fr\/non-classifiee\/le-role-de-zebra-dans-le-green-deal-europeen","url":"https:\/\/jarltech.blog\/fr\/non-classifiee\/le-role-de-zebra-dans-le-green-deal-europeen","name":"Le r\u00f4le de Zebra dans le Green Deal europ\u00e9en - Jarltech.blog","isPartOf":{"@id":"https:\/\/jarltech.blog\/#website"},"primaryImageOfPage":{"@id":"https:\/\/jarltech.blog\/fr\/non-classifiee\/le-role-de-zebra-dans-le-green-deal-europeen#primaryimage"},"image":{"@id":"https:\/\/jarltech.blog\/fr\/non-classifiee\/le-role-de-zebra-dans-le-green-deal-europeen#primaryimage"},"thumbnailUrl":"https:\/\/jarltech.blog\/a\/wp-content\/uploads\/2024\/11\/WP_ZEB_Interview_Green-deal_FR.png","datePublished":"2024-11-26T08:08:52+00:00","dateModified":"2024-11-26T12:13:40+00:00","author":{"@id":"https:\/\/jarltech.blog\/#\/schema\/person\/82503ee109d1e3e6a8dbe05acfbd2a34"},"breadcrumb":{"@id":"https:\/\/jarltech.blog\/fr\/non-classifiee\/le-role-de-zebra-dans-le-green-deal-europeen#breadcrumb"},"inLanguage":"fr-FR","potentialAction":[{"@type":"ReadAction","target":["https:\/\/jarltech.blog\/fr\/non-classifiee\/le-role-de-zebra-dans-le-green-deal-europeen"]}]},{"@type":"ImageObject","inLanguage":"fr-FR","@id":"https:\/\/jarltech.blog\/fr\/non-classifiee\/le-role-de-zebra-dans-le-green-deal-europeen#primaryimage","url":"https:\/\/jarltech.blog\/a\/wp-content\/uploads\/2024\/11\/WP_ZEB_Interview_Green-deal_FR.png","contentUrl":"https:\/\/jarltech.blog\/a\/wp-content\/uploads\/2024\/11\/WP_ZEB_Interview_Green-deal_FR.png","width":1200,"height":545},{"@type":"BreadcrumbList","@id":"https:\/\/jarltech.blog\/fr\/non-classifiee\/le-role-de-zebra-dans-le-green-deal-europeen#breadcrumb","itemListElement":[{"@type":"ListItem","position":1,"name":"Startseite","item":"https:\/\/jarltech.blog\/fr"},{"@type":"ListItem","position":2,"name":"Le r\u00f4le de Zebra dans le Green Deal europ\u00e9en"}]},{"@type":"WebSite","@id":"https:\/\/jarltech.blog\/#website","url":"https:\/\/jarltech.blog\/","name":"Jarltech.blog","description":"","potentialAction":[{"@type":"SearchAction","target":{"@type":"EntryPoint","urlTemplate":"https:\/\/jarltech.blog\/?s={search_term_string}"},"query-input":{"@type":"PropertyValueSpecification","valueRequired":true,"valueName":"search_term_string"}}],"inLanguage":"fr-FR"},{"@type":"Person","@id":"https:\/\/jarltech.blog\/#\/schema\/person\/82503ee109d1e3e6a8dbe05acfbd2a34","name":"David Barclay"}]}},"_links":{"self":[{"href":"https:\/\/jarltech.blog\/fr\/wp-json\/wp\/v2\/posts\/48232","targetHints":{"allow":["GET"]}}],"collection":[{"href":"https:\/\/jarltech.blog\/fr\/wp-json\/wp\/v2\/posts"}],"about":[{"href":"https:\/\/jarltech.blog\/fr\/wp-json\/wp\/v2\/types\/post"}],"author":[{"embeddable":true,"href":"https:\/\/jarltech.blog\/fr\/wp-json\/wp\/v2\/users\/18"}],"replies":[{"embeddable":true,"href":"https:\/\/jarltech.blog\/fr\/wp-json\/wp\/v2\/comments?post=48232"}],"version-history":[{"count":8,"href":"https:\/\/jarltech.blog\/fr\/wp-json\/wp\/v2\/posts\/48232\/revisions"}],"predecessor-version":[{"id":48506,"href":"https:\/\/jarltech.blog\/fr\/wp-json\/wp\/v2\/posts\/48232\/revisions\/48506"}],"wp:featuredmedia":[{"embeddable":true,"href":"https:\/\/jarltech.blog\/fr\/wp-json\/wp\/v2\/media\/48282"}],"wp:attachment":[{"href":"https:\/\/jarltech.blog\/fr\/wp-json\/wp\/v2\/media?parent=48232"}],"wp:term":[{"taxonomy":"category","embeddable":true,"href":"https:\/\/jarltech.blog\/fr\/wp-json\/wp\/v2\/categories?post=48232"},{"taxonomy":"post_tag","embeddable":true,"href":"https:\/\/jarltech.blog\/fr\/wp-json\/wp\/v2\/tags?post=48232"}],"curies":[{"name":"wp","href":"https:\/\/api.w.org\/{rel}","templated":true}]}}