{"id":21272,"date":"2022-08-12T09:47:30","date_gmt":"2022-08-12T07:47:30","guid":{"rendered":"https:\/\/jarltech.blog\/?p=21272"},"modified":"2022-08-12T10:19:30","modified_gmt":"2022-08-12T08:19:30","slug":"linterview-des-imprimantes-detiquettes-industrielles","status":"publish","type":"post","link":"https:\/\/jarltech.blog\/fr\/drucksysteme\/linterview-des-imprimantes-detiquettes-industrielles","title":{"rendered":"L&#8217;interview des imprimantes d&#8217;etiquettes industrielles"},"content":{"rendered":"\n<h2 class=\"wp-block-heading\"><strong>Nous avons interview\u00e9 la ZT231 et la ZT111 de Zebra. Ce sont les deux nouvelles \u00e9toiles au firmament de l\u2019impression d\u2019\u00e9tiquettes qui convainquent par leurs fonctionnalit\u00e9s fut\u00e9es et leur formidable performance \u00e0 petit prix&nbsp;!<\/strong><\/h2>\n\n\n\n<p class=\"caps\">Quelle est notre premi\u00e8re impression de la ZT231 et de la ZT111&nbsp;? Elles sont pleines d\u2019entrain et absolument sympathiques&nbsp;! D\u2019un abord tr\u00e8s agr\u00e9able, polyvalentes et vraiment modestes. Mais lisez vous-m\u00eames&nbsp;!<\/p>\n\n\n\n<div style=\"height:30px\" aria-hidden=\"true\" class=\"wp-block-spacer\"><\/div>\n\n\n\n<h3 class=\"wp-block-heading\"><strong>JT&nbsp;: Salut, ZT231 et ZT111&nbsp;! Il semble que les secteurs de l\u2019industrie, du commerce, de l\u2019entreposage et de la logistique et de la sant\u00e9 n\u2019attendaient que vous&nbsp;! Comment vous expliquez-vous votre succ\u00e8s&nbsp;?<\/strong><\/h3>\n\n\n\n<p><strong><strong>ZT231&nbsp;:<\/strong> C\u2019est tr\u00e8s simple&nbsp;: les clients veulent des imprimantes d\u2019\u00e9tiquettes d\u2019un prix avantageux qui leur offrent une formidable performance d\u2019impression pendant toute leur journ\u00e9e de travail. Durablement. Et c\u2019est exactement ce que nous faisons&nbsp;!<\/strong><\/p>\n\n\n\n<p><strong><strong>ZT111&nbsp;:<\/strong> Tout \u00e0 fait. Nous sommes aussi tr\u00e8s rapides et tr\u00e8s \u00e9conomes&#8230; \u00c7a pla\u00eet aux gens&nbsp;! La ZT231 est 100 % plus rapide que le mod\u00e8le pr\u00e9c\u00e9dent ZT220, et moi 66 %. C\u2019est un \u00e9norme gain de temps qui booste la performance de l\u2019entreprise&nbsp;!<\/strong><\/p>\n\n\n\n<div style=\"height:30px\" aria-hidden=\"true\" class=\"wp-block-spacer\"><\/div>\n\n\n\n<h3 class=\"wp-block-heading\"><strong><strong>JT&nbsp;: Quelles sont vos caract\u00e9ristiques principales&nbsp;? ZT231&nbsp;?<\/strong><\/strong><\/h3>\n\n\n\n<p><strong><strong>ZT231&nbsp;:<\/strong> Mon \u00e9cran couleur 4,3&#8243; facile \u00e0 utiliser et 3 voyants DEL de couleur qui informent chaque utilisateur sur mon \u00e9tat. Je parle les principaux langages d\u2019impression, je m\u2019int\u00e8gre sans difficult\u00e9s et je suis r\u00e9trocompatible avec les accessoires existants. Via Zebra Print DNA, il est tr\u00e8s simple de me configurer et de m\u2019adapter aux besoins individuels. Ma porte unique \u00e0 double pli r\u00e9duit mon encombrement vertical. Mon cylindre et ma t\u00eate d\u2019impression se d\u00e9montent sans outils. Au choix, je suis disponible avec impression et codage RFID UHF et avec un applicateur.<\/strong><\/p>\n\n\n\n<div style=\"height:30px\" aria-hidden=\"true\" class=\"wp-block-spacer\"><\/div>\n\n\n\n<h3 class=\"wp-block-heading\"><strong><strong>JT&nbsp;: \u00c7a sonne vraiment tr\u00e8s bien&nbsp;! ZT111, nous venons d\u2019apprendre un tas de choses sur la ZT231. Et toi, qu\u2019est-ce que tu as \u00e0 proposer&nbsp;?<\/strong><\/strong><\/h3>\n\n\n\n<p><strong><strong>ZT111&nbsp;:<\/strong> Je suis l\u2019imprimante industrielle de Zebra la moins on\u00e9reuse de tous les temps et dot\u00e9e de trois boutons de commande. 5 voyants DEL affichent mon \u00e9tat. Mon \u00e9quipement est presque identique \u00e0 celui de la ZT231&nbsp;: 256 Mo de SDRAM et 256 Mo de m\u00e9moire flash me donnent toute la puissance dont j\u2019ai besoin pour mon show quotidien d\u2019impression \u2013 au cours duquel j\u2019utilise d\u2019ailleurs habilement mon peeler et mon massicot. Je dispose \u00e9galement d\u2019une foule d\u2019interfaces&nbsp;: USB 2.0, s\u00e9rie, Ethernet, BTLE, USB h\u00f4te. Fonction tr\u00e8s pratique&nbsp;: via BLE, la ZT231 et moi nous connectons rapidement avec des terminaux mobiles. En option, nous sommes \u00e9galement disponibles avec un second Ethernet ainsi que Wi-Fi 802.11ac+BT.<\/strong><\/p>\n\n\n\n<div style=\"height:30px\" aria-hidden=\"true\" class=\"wp-block-spacer\"><\/div>\n\n\n\n<h3 class=\"wp-block-heading\"><strong><strong>JT&nbsp;: \u00c7a aussi, \u00e7a sonne super bien. Est-ce qu\u2019il y a quelque chose que vous souhaitez dire \u00e0 nos lecteurs&nbsp;?<\/strong><\/strong><\/h3>\n\n\n\n<p><strong><strong>ZT231&nbsp;: <\/strong>Offrez \u00e0 vos clients le package complet&nbsp;: c\u2019est-\u00e0-dire nous, les imprimantes de Zebra, et les consommables originaux de Zebra \u2013 c\u2019est payant&nbsp;! En utilisant les accessoires originaux, vous b\u00e9n\u00e9ficiez de la garantie int\u00e9grale sur les t\u00eates d\u2019impression accord\u00e9e par Zebra&nbsp;!<\/strong><\/p>\n\n\n\n<div style=\"height:30px\" aria-hidden=\"true\" class=\"wp-block-spacer\"><\/div>\n\n\n\n<h3 class=\"wp-block-heading\"><strong><strong>JT&nbsp;: \u00c7a, c\u2019est un super tuyau pour nos lecteurs, merci beaucoup&nbsp;! Un dernier mot&nbsp;: comment pourriez-vous d\u00e9crire votre performance en une seule phrase&nbsp;?<\/strong><\/strong><\/h3>\n\n\n\n<p><strong><strong>ZT231 &amp; ZT111 (d\u2019une seule voix)&nbsp;: nous offrons \u00e0 tous un formidable show d\u2019impression \u00e0 petit prix&nbsp;!<\/strong><\/strong><\/p>\n\n\n\n<div style=\"height:30px\" aria-hidden=\"true\" class=\"wp-block-spacer\"><\/div>\n\n\n\n<div class=\"wp-block-media-text alignwide has-media-on-the-right is-stacked-on-mobile has-background\" style=\"background-color:#f1f1f1;grid-template-columns:auto 49%\"><figure class=\"wp-block-media-text__media\"><img loading=\"lazy\" decoding=\"async\" width=\"600\" height=\"600\" src=\"https:\/\/jarltech.blog\/a\/wp-content\/uploads\/2022\/08\/ZEB_ZT111_left_220627_news.png\" alt=\"\" class=\"wp-image-21242 size-full\" srcset=\"https:\/\/jarltech.blog\/a\/wp-content\/uploads\/2022\/08\/ZEB_ZT111_left_220627_news.png 600w, https:\/\/jarltech.blog\/a\/wp-content\/uploads\/2022\/08\/ZEB_ZT111_left_220627_news-300x300.png 300w, https:\/\/jarltech.blog\/a\/wp-content\/uploads\/2022\/08\/ZEB_ZT111_left_220627_news-150x150.png 150w\" sizes=\"auto, (max-width: 600px) 100vw, 600px\" \/><\/figure><div class=\"wp-block-media-text__content\">\n\n<div style=\"height:20px\" aria-hidden=\"true\" class=\"wp-block-spacer\"><\/div>\n\n\n<h4 class=\"has-text-color wp-block-heading\" style=\"color:#0092d4\"><strong><strong><strong>Imprimante d\u2019\u00e9tiquettes ZT111<\/strong><\/strong><\/strong><\/h4>\n\n\n<ul class=\"wp-block-list\"><li>3 touches de commande<\/li><li>R\u00e9solution&nbsp;: 203 dpi, en option&nbsp;: 300 dpi<\/li><li>5 voyants DEL d\u2019\u00e9tat, peeler, massicot<\/li><li>USB 2.0, s\u00e9rie, Ethernet, BTLE, USB h\u00f4te, en option&nbsp;: second Ethernet, Wi-Fi 802.11ac+BT<\/li><li>Link-OS, support Zebra Print DNA Basic<\/li><\/ul>\n\n\n<div style=\"height:20px\" aria-hidden=\"true\" class=\"wp-block-spacer\"><\/div>\n\n\n<div class=\"wp-block-buttons is-layout-flex wp-block-buttons-is-layout-flex\">\n\n<div class=\"wp-block-button\"><a class=\"wp-block-button__link has-background\" href=\"https:\/\/www.jarltech.com\/2007\/artikel.php?language=fr&amp;sort=hersteller&amp;kat_id=Zebra&amp;gotoartikel=zebra_zt111\" style=\"background-color:#0092d4\" target=\"_blank\" rel=\"noreferrer noopener\">En savoir plus<\/a><\/div>\n\n<\/div>\n\n\n<div style=\"height:25px\" aria-hidden=\"true\" class=\"wp-block-spacer\"><\/div>\n\n<\/div><\/div>\n\n\n\n<div class=\"wp-block-media-text alignwide has-media-on-the-right is-stacked-on-mobile has-background\" style=\"background-color:#f1f1f1;grid-template-columns:auto 49%\"><figure class=\"wp-block-media-text__media\"><img loading=\"lazy\" decoding=\"async\" width=\"600\" height=\"600\" src=\"https:\/\/jarltech.blog\/a\/wp-content\/uploads\/2022\/08\/ZEB_ZT231_label_right.png\" alt=\"\" class=\"wp-image-21247 size-full\" srcset=\"https:\/\/jarltech.blog\/a\/wp-content\/uploads\/2022\/08\/ZEB_ZT231_label_right.png 600w, https:\/\/jarltech.blog\/a\/wp-content\/uploads\/2022\/08\/ZEB_ZT231_label_right-300x300.png 300w, https:\/\/jarltech.blog\/a\/wp-content\/uploads\/2022\/08\/ZEB_ZT231_label_right-150x150.png 150w\" sizes=\"auto, (max-width: 600px) 100vw, 600px\" \/><\/figure><div class=\"wp-block-media-text__content\">\n\n<div style=\"height:20px\" aria-hidden=\"true\" class=\"wp-block-spacer\"><\/div>\n\n\n<h4 class=\"has-text-color wp-block-heading\" style=\"color:#0092d4\"><strong><strong><strong><strong>Imprimante d\u2019\u00e9tiquettes ZT231<\/strong><\/strong><\/strong><\/strong><\/h4>\n\n\n<ul class=\"wp-block-list\"><li>\u00c9cran couleur de 4,3&#8221;<\/li><li>R\u00e9solution&nbsp;: 203 dpi, en option&nbsp;: 300 dpi<\/li><li>3 voyants DEL d\u2019\u00e9tat, peeler, massicot, en option&nbsp;: RFID, applicateur<\/li><li>USB 2.0, s\u00e9rie, Ethernet, BTLE, USB h\u00f4te, en option&nbsp;: second Ethernet, 802.11ac+BT<\/li><li>Link-OS, support Zebra Print DNA<\/li><\/ul>\n\n\n<div style=\"height:20px\" aria-hidden=\"true\" class=\"wp-block-spacer\"><\/div>\n\n\n<div class=\"wp-block-buttons is-layout-flex wp-block-buttons-is-layout-flex\">\n\n<div class=\"wp-block-button\"><a class=\"wp-block-button__link has-background\" href=\"https:\/\/www.jarltech.com\/2007\/artikel.php?language=fr&amp;sort=hersteller&amp;kat_id=Zebra&amp;gotoartikel=zebra_zt200\" style=\"background-color:#0092d4\" target=\"_blank\" rel=\"noreferrer noopener\">En savoir plus<\/a><\/div>\n\n<\/div>\n\n\n<div style=\"height:25px\" aria-hidden=\"true\" class=\"wp-block-spacer\"><\/div>\n\n<\/div><\/div>\n\n\n\n<div style=\"height:30px\" aria-hidden=\"true\" class=\"wp-block-spacer\"><\/div>\n\n\n\n<div class=\"wp-block-columns is-layout-flex wp-container-core-columns-is-layout-9d6595d7 wp-block-columns-is-layout-flex\">\n<div class=\"wp-block-column is-layout-flow wp-block-column-is-layout-flow\" style=\"flex-basis:66.66%\">\n<p><strong>Pr\u00e9sentez \u00e0 vos clients qui disposent d\u2019un petit budget, mais exigent beaucoup de l\u2019impression d\u2019\u00e9tiquettes nos nouvelles top candidates ZT231 et ZT111 de Zebra. Commandez-les d\u00e8s maintenant aupr\u00e8s de votre interlocuteur des ventes&nbsp;!<\/strong><\/p>\n<\/div>\n\n\n\n<div class=\"wp-block-column is-layout-flow wp-block-column-is-layout-flow\" style=\"flex-basis:33.33%\">\n<figure class=\"wp-block-image size-large\"><img loading=\"lazy\" decoding=\"async\" width=\"1024\" height=\"663\" src=\"https:\/\/jarltech.blog\/a\/wp-content\/uploads\/2020\/10\/Zebra_Logo_K_xl-3-1024x663.png\" alt=\"\" class=\"wp-image-9332\" srcset=\"https:\/\/jarltech.blog\/a\/wp-content\/uploads\/2020\/10\/Zebra_Logo_K_xl-3-1024x663.png 1024w, https:\/\/jarltech.blog\/a\/wp-content\/uploads\/2020\/10\/Zebra_Logo_K_xl-3-300x194.png 300w, https:\/\/jarltech.blog\/a\/wp-content\/uploads\/2020\/10\/Zebra_Logo_K_xl-3-768x497.png 768w, https:\/\/jarltech.blog\/a\/wp-content\/uploads\/2020\/10\/Zebra_Logo_K_xl-3.png 1224w\" sizes=\"auto, (max-width: 1024px) 100vw, 1024px\" \/><\/figure>\n<\/div>\n<\/div>\n","protected":false},"excerpt":{"rendered":"<p>Nous avons interview\u00e9 la ZT231 et la ZT111 de Zebra. Ce sont les deux nouvelles \u00e9toiles au firmament de l\u2019impression d\u2019\u00e9tiquettes qui convainquent par leurs fonctionnalit\u00e9s fut\u00e9es et leur formidable<\/p>\n","protected":false},"author":17,"featured_media":21421,"comment_status":"closed","ping_status":"closed","sticky":false,"template":"","format":"standard","meta":{"footnotes":""},"categories":[32,69],"tags":[],"class_list":["post-21272","post","type-post","status-publish","format-standard","has-post-thumbnail","hentry","category-drucksysteme","category-systemes-impression"],"yoast_head":"<!-- This site is optimized with the Yoast SEO plugin v27.5 - https:\/\/yoast.com\/product\/yoast-seo-wordpress\/ -->\n<title>L&#039;interview des imprimantes d&#039;etiquettes industrielles - Jarltech.blog<\/title>\n<meta name=\"robots\" content=\"index, follow, max-snippet:-1, max-image-preview:large, max-video-preview:-1\" \/>\n<link rel=\"canonical\" href=\"https:\/\/jarltech.blog\/fr\/drucksysteme\/linterview-des-imprimantes-detiquettes-industrielles\" \/>\n<meta name=\"twitter:card\" content=\"summary_large_image\" \/>\n<meta name=\"twitter:title\" content=\"L&#039;interview des imprimantes d&#039;etiquettes industrielles - Jarltech.blog\" \/>\n<meta name=\"twitter:description\" content=\"Nous avons interview\u00e9 la ZT231 et la ZT111 de Zebra. Ce sont les deux nouvelles \u00e9toiles au firmament de l\u2019impression d\u2019\u00e9tiquettes qui convainquent par leurs fonctionnalit\u00e9s fut\u00e9es et leur formidable\" \/>\n<meta name=\"twitter:image\" content=\"https:\/\/jarltech.blog\/a\/wp-content\/uploads\/2022\/08\/Podest-2-Kandidaten_FR_Buehne_stuhl-2.png\" \/>\n<meta name=\"twitter:creator\" content=\"@jarltech\" \/>\n<meta name=\"twitter:site\" content=\"@jarltech\" \/>\n<meta name=\"twitter:label1\" content=\"Written by\" \/>\n\t<meta name=\"twitter:data1\" content=\"Sarah Richard\" \/>\n\t<meta name=\"twitter:label2\" content=\"Est. reading time\" \/>\n\t<meta name=\"twitter:data2\" content=\"5 minutes\" \/>\n<script type=\"application\/ld+json\" class=\"yoast-schema-graph\">{\"@context\":\"https:\\\/\\\/schema.org\",\"@graph\":[{\"@type\":\"Article\",\"@id\":\"https:\\\/\\\/jarltech.blog\\\/fr\\\/drucksysteme\\\/linterview-des-imprimantes-detiquettes-industrielles#article\",\"isPartOf\":{\"@id\":\"https:\\\/\\\/jarltech.blog\\\/fr\\\/drucksysteme\\\/linterview-des-imprimantes-detiquettes-industrielles\"},\"author\":{\"name\":\"Sarah Richard\",\"@id\":\"https:\\\/\\\/jarltech.blog\\\/#\\\/schema\\\/person\\\/50d89506c80af54b6d13083f30cdaa85\"},\"headline\":\"L&#8217;interview des imprimantes d&#8217;etiquettes industrielles\",\"datePublished\":\"2022-08-12T07:47:30+00:00\",\"dateModified\":\"2022-08-12T08:19:30+00:00\",\"mainEntityOfPage\":{\"@id\":\"https:\\\/\\\/jarltech.blog\\\/fr\\\/drucksysteme\\\/linterview-des-imprimantes-detiquettes-industrielles\"},\"wordCount\":740,\"image\":{\"@id\":\"https:\\\/\\\/jarltech.blog\\\/fr\\\/drucksysteme\\\/linterview-des-imprimantes-detiquettes-industrielles#primaryimage\"},\"thumbnailUrl\":\"https:\\\/\\\/jarltech.blog\\\/a\\\/wp-content\\\/uploads\\\/2022\\\/08\\\/Podest-2-Kandidaten_FR_Buehne_stuhl-2.png\",\"articleSection\":[\"Drucksysteme\",\"Syst\u00e8mes d\u00b4impression\"],\"inLanguage\":\"fr-FR\"},{\"@type\":\"WebPage\",\"@id\":\"https:\\\/\\\/jarltech.blog\\\/fr\\\/drucksysteme\\\/linterview-des-imprimantes-detiquettes-industrielles\",\"url\":\"https:\\\/\\\/jarltech.blog\\\/fr\\\/drucksysteme\\\/linterview-des-imprimantes-detiquettes-industrielles\",\"name\":\"L'interview des imprimantes d'etiquettes industrielles - Jarltech.blog\",\"isPartOf\":{\"@id\":\"https:\\\/\\\/jarltech.blog\\\/#website\"},\"primaryImageOfPage\":{\"@id\":\"https:\\\/\\\/jarltech.blog\\\/fr\\\/drucksysteme\\\/linterview-des-imprimantes-detiquettes-industrielles#primaryimage\"},\"image\":{\"@id\":\"https:\\\/\\\/jarltech.blog\\\/fr\\\/drucksysteme\\\/linterview-des-imprimantes-detiquettes-industrielles#primaryimage\"},\"thumbnailUrl\":\"https:\\\/\\\/jarltech.blog\\\/a\\\/wp-content\\\/uploads\\\/2022\\\/08\\\/Podest-2-Kandidaten_FR_Buehne_stuhl-2.png\",\"datePublished\":\"2022-08-12T07:47:30+00:00\",\"dateModified\":\"2022-08-12T08:19:30+00:00\",\"author\":{\"@id\":\"https:\\\/\\\/jarltech.blog\\\/#\\\/schema\\\/person\\\/50d89506c80af54b6d13083f30cdaa85\"},\"breadcrumb\":{\"@id\":\"https:\\\/\\\/jarltech.blog\\\/fr\\\/drucksysteme\\\/linterview-des-imprimantes-detiquettes-industrielles#breadcrumb\"},\"inLanguage\":\"fr-FR\",\"potentialAction\":[{\"@type\":\"ReadAction\",\"target\":[\"https:\\\/\\\/jarltech.blog\\\/fr\\\/drucksysteme\\\/linterview-des-imprimantes-detiquettes-industrielles\"]}]},{\"@type\":\"ImageObject\",\"inLanguage\":\"fr-FR\",\"@id\":\"https:\\\/\\\/jarltech.blog\\\/fr\\\/drucksysteme\\\/linterview-des-imprimantes-detiquettes-industrielles#primaryimage\",\"url\":\"https:\\\/\\\/jarltech.blog\\\/a\\\/wp-content\\\/uploads\\\/2022\\\/08\\\/Podest-2-Kandidaten_FR_Buehne_stuhl-2.png\",\"contentUrl\":\"https:\\\/\\\/jarltech.blog\\\/a\\\/wp-content\\\/uploads\\\/2022\\\/08\\\/Podest-2-Kandidaten_FR_Buehne_stuhl-2.png\",\"width\":1920,\"height\":726},{\"@type\":\"BreadcrumbList\",\"@id\":\"https:\\\/\\\/jarltech.blog\\\/fr\\\/drucksysteme\\\/linterview-des-imprimantes-detiquettes-industrielles#breadcrumb\",\"itemListElement\":[{\"@type\":\"ListItem\",\"position\":1,\"name\":\"Startseite\",\"item\":\"https:\\\/\\\/jarltech.blog\\\/fr\"},{\"@type\":\"ListItem\",\"position\":2,\"name\":\"L&#8217;interview des imprimantes d&#8217;etiquettes industrielles\"}]},{\"@type\":\"WebSite\",\"@id\":\"https:\\\/\\\/jarltech.blog\\\/#website\",\"url\":\"https:\\\/\\\/jarltech.blog\\\/\",\"name\":\"Jarltech.blog\",\"description\":\"\",\"potentialAction\":[{\"@type\":\"SearchAction\",\"target\":{\"@type\":\"EntryPoint\",\"urlTemplate\":\"https:\\\/\\\/jarltech.blog\\\/?s={search_term_string}\"},\"query-input\":{\"@type\":\"PropertyValueSpecification\",\"valueRequired\":true,\"valueName\":\"search_term_string\"}}],\"inLanguage\":\"fr-FR\"},{\"@type\":\"Person\",\"@id\":\"https:\\\/\\\/jarltech.blog\\\/#\\\/schema\\\/person\\\/50d89506c80af54b6d13083f30cdaa85\",\"name\":\"Sarah Richard\"}]}<\/script>\n<!-- \/ Yoast SEO plugin. -->","yoast_head_json":{"title":"L'interview des imprimantes d'etiquettes industrielles - Jarltech.blog","robots":{"index":"index","follow":"follow","max-snippet":"max-snippet:-1","max-image-preview":"max-image-preview:large","max-video-preview":"max-video-preview:-1"},"canonical":"https:\/\/jarltech.blog\/fr\/drucksysteme\/linterview-des-imprimantes-detiquettes-industrielles","twitter_card":"summary_large_image","twitter_title":"L'interview des imprimantes d'etiquettes industrielles - Jarltech.blog","twitter_description":"Nous avons interview\u00e9 la ZT231 et la ZT111 de Zebra. Ce sont les deux nouvelles \u00e9toiles au firmament de l\u2019impression d\u2019\u00e9tiquettes qui convainquent par leurs fonctionnalit\u00e9s fut\u00e9es et leur formidable","twitter_image":"https:\/\/jarltech.blog\/a\/wp-content\/uploads\/2022\/08\/Podest-2-Kandidaten_FR_Buehne_stuhl-2.png","twitter_creator":"@jarltech","twitter_site":"@jarltech","twitter_misc":{"Written by":"Sarah Richard","Est. reading time":"5 minutes"},"schema":{"@context":"https:\/\/schema.org","@graph":[{"@type":"Article","@id":"https:\/\/jarltech.blog\/fr\/drucksysteme\/linterview-des-imprimantes-detiquettes-industrielles#article","isPartOf":{"@id":"https:\/\/jarltech.blog\/fr\/drucksysteme\/linterview-des-imprimantes-detiquettes-industrielles"},"author":{"name":"Sarah Richard","@id":"https:\/\/jarltech.blog\/#\/schema\/person\/50d89506c80af54b6d13083f30cdaa85"},"headline":"L&#8217;interview des imprimantes d&#8217;etiquettes industrielles","datePublished":"2022-08-12T07:47:30+00:00","dateModified":"2022-08-12T08:19:30+00:00","mainEntityOfPage":{"@id":"https:\/\/jarltech.blog\/fr\/drucksysteme\/linterview-des-imprimantes-detiquettes-industrielles"},"wordCount":740,"image":{"@id":"https:\/\/jarltech.blog\/fr\/drucksysteme\/linterview-des-imprimantes-detiquettes-industrielles#primaryimage"},"thumbnailUrl":"https:\/\/jarltech.blog\/a\/wp-content\/uploads\/2022\/08\/Podest-2-Kandidaten_FR_Buehne_stuhl-2.png","articleSection":["Drucksysteme","Syst\u00e8mes d\u00b4impression"],"inLanguage":"fr-FR"},{"@type":"WebPage","@id":"https:\/\/jarltech.blog\/fr\/drucksysteme\/linterview-des-imprimantes-detiquettes-industrielles","url":"https:\/\/jarltech.blog\/fr\/drucksysteme\/linterview-des-imprimantes-detiquettes-industrielles","name":"L'interview des imprimantes d'etiquettes industrielles - Jarltech.blog","isPartOf":{"@id":"https:\/\/jarltech.blog\/#website"},"primaryImageOfPage":{"@id":"https:\/\/jarltech.blog\/fr\/drucksysteme\/linterview-des-imprimantes-detiquettes-industrielles#primaryimage"},"image":{"@id":"https:\/\/jarltech.blog\/fr\/drucksysteme\/linterview-des-imprimantes-detiquettes-industrielles#primaryimage"},"thumbnailUrl":"https:\/\/jarltech.blog\/a\/wp-content\/uploads\/2022\/08\/Podest-2-Kandidaten_FR_Buehne_stuhl-2.png","datePublished":"2022-08-12T07:47:30+00:00","dateModified":"2022-08-12T08:19:30+00:00","author":{"@id":"https:\/\/jarltech.blog\/#\/schema\/person\/50d89506c80af54b6d13083f30cdaa85"},"breadcrumb":{"@id":"https:\/\/jarltech.blog\/fr\/drucksysteme\/linterview-des-imprimantes-detiquettes-industrielles#breadcrumb"},"inLanguage":"fr-FR","potentialAction":[{"@type":"ReadAction","target":["https:\/\/jarltech.blog\/fr\/drucksysteme\/linterview-des-imprimantes-detiquettes-industrielles"]}]},{"@type":"ImageObject","inLanguage":"fr-FR","@id":"https:\/\/jarltech.blog\/fr\/drucksysteme\/linterview-des-imprimantes-detiquettes-industrielles#primaryimage","url":"https:\/\/jarltech.blog\/a\/wp-content\/uploads\/2022\/08\/Podest-2-Kandidaten_FR_Buehne_stuhl-2.png","contentUrl":"https:\/\/jarltech.blog\/a\/wp-content\/uploads\/2022\/08\/Podest-2-Kandidaten_FR_Buehne_stuhl-2.png","width":1920,"height":726},{"@type":"BreadcrumbList","@id":"https:\/\/jarltech.blog\/fr\/drucksysteme\/linterview-des-imprimantes-detiquettes-industrielles#breadcrumb","itemListElement":[{"@type":"ListItem","position":1,"name":"Startseite","item":"https:\/\/jarltech.blog\/fr"},{"@type":"ListItem","position":2,"name":"L&#8217;interview des imprimantes d&#8217;etiquettes industrielles"}]},{"@type":"WebSite","@id":"https:\/\/jarltech.blog\/#website","url":"https:\/\/jarltech.blog\/","name":"Jarltech.blog","description":"","potentialAction":[{"@type":"SearchAction","target":{"@type":"EntryPoint","urlTemplate":"https:\/\/jarltech.blog\/?s={search_term_string}"},"query-input":{"@type":"PropertyValueSpecification","valueRequired":true,"valueName":"search_term_string"}}],"inLanguage":"fr-FR"},{"@type":"Person","@id":"https:\/\/jarltech.blog\/#\/schema\/person\/50d89506c80af54b6d13083f30cdaa85","name":"Sarah Richard"}]}},"_links":{"self":[{"href":"https:\/\/jarltech.blog\/fr\/wp-json\/wp\/v2\/posts\/21272","targetHints":{"allow":["GET"]}}],"collection":[{"href":"https:\/\/jarltech.blog\/fr\/wp-json\/wp\/v2\/posts"}],"about":[{"href":"https:\/\/jarltech.blog\/fr\/wp-json\/wp\/v2\/types\/post"}],"author":[{"embeddable":true,"href":"https:\/\/jarltech.blog\/fr\/wp-json\/wp\/v2\/users\/17"}],"replies":[{"embeddable":true,"href":"https:\/\/jarltech.blog\/fr\/wp-json\/wp\/v2\/comments?post=21272"}],"version-history":[{"count":2,"href":"https:\/\/jarltech.blog\/fr\/wp-json\/wp\/v2\/posts\/21272\/revisions"}],"predecessor-version":[{"id":21390,"href":"https:\/\/jarltech.blog\/fr\/wp-json\/wp\/v2\/posts\/21272\/revisions\/21390"}],"wp:featuredmedia":[{"embeddable":true,"href":"https:\/\/jarltech.blog\/fr\/wp-json\/wp\/v2\/media\/21421"}],"wp:attachment":[{"href":"https:\/\/jarltech.blog\/fr\/wp-json\/wp\/v2\/media?parent=21272"}],"wp:term":[{"taxonomy":"category","embeddable":true,"href":"https:\/\/jarltech.blog\/fr\/wp-json\/wp\/v2\/categories?post=21272"},{"taxonomy":"post_tag","embeddable":true,"href":"https:\/\/jarltech.blog\/fr\/wp-json\/wp\/v2\/tags?post=21272"}],"curies":[{"name":"wp","href":"https:\/\/api.w.org\/{rel}","templated":true}]}}