{"id":48268,"date":"2024-11-26T09:09:30","date_gmt":"2024-11-26T08:09:30","guid":{"rendered":"https:\/\/jarltech.blog\/?p=48268"},"modified":"2024-11-26T09:09:31","modified_gmt":"2024-11-26T08:09:31","slug":"el-papel-de-zebra-en-el-pacto-verde-europeo","status":"publish","type":"post","link":"https:\/\/jarltech.blog\/es\/sin-categorizar\/el-papel-de-zebra-en-el-pacto-verde-europeo","title":{"rendered":"El papel de Zebra en el Pacto Verde Europeo"},"content":{"rendered":"\n<h4 class=\"wp-block-heading has-text-color has-link-color wp-elements-037a6a63777cf0d30339a0150327d5ab\" style=\"color:#0078c0\">Jakob Nieweg, director adjunto de gesti\u00f3n de marca de Jarltech Europe GmbH, charl\u00f3 con Richard Barfield, director de marketing de producto para EMEA de Zebra Technologies, acerca del papel de Zebra en el Pacto Verde Europeo (PVE).<\/h4>\n\n\n\n<p class=\"has-text-color has-link-color wp-elements-2715d0c6f8bbd566b3dafb6a568b1c0d\" style=\"color:#464646\">E<strong>l 11 de diciembre de 2019, la Comisi\u00f3n Europea present\u00f3 un concepto con el que la Uni\u00f3n Europea aspira a reducir a cero sus emisiones netas de gases de efecto invernadero en 2050 y pasar a ser, por tanto, clim\u00e1ticamente neutra. Para lograr este objetivo, cada cual debe desempe\u00f1ar su papel. Zebra contribuye con tecnolog\u00edas innovadoras y respetuosas con el clima.<\/strong><\/p>\n\n\n\n<div class=\"wp-block-columns is-layout-flex wp-container-core-columns-is-layout-9d6595d7 wp-block-columns-is-layout-flex\">\n<div class=\"wp-block-column is-layout-flow wp-block-column-is-layout-flow\" style=\"flex-basis:49.5%\">\n<p class=\"has-text-color has-link-color wp-elements-cf9aea454f9a006451a51f79e081b0e9\" style=\"color:#464646\"><strong>Jakob Nieweg: Hola, Richard, estoy encantado de poder conversar con Ud. acerca del papel de Zebra en el Pacto Verde Europeo (PVE). \u00bfQu\u00e9 es exactamente el Pacto Verde Europeo y cu\u00e1les son sus principales objetivos? \u00bfQu\u00e9 se entiende por pasaporte digital de producto (PDP) y c\u00f3mo contribuye a alcanzar los objetivos del Pacto Verde?<\/strong><\/p>\n\n\n\n<p class=\"caps\"><strong>Richard Barfield:<\/strong> Hola, Jakob, para m\u00ed es un placer estar aqu\u00ed. El Pacto Verde Europeo es una estrategia global lanzada por la Uni\u00f3n Europea para convertir a Europa en el primer continente clim\u00e1ticamente neutro de aqu\u00ed a 2050. Los principales objetivos son la reducci\u00f3n de las emisiones de gases de efecto invernadero, la promoci\u00f3n de un crecimiento econ\u00f3mico sostenible y la protecci\u00f3n del medio ambiente a trav\u00e9s de diversas medidas estrat\u00e9gicas y normativas. La estrategia consta de tres componentes fundamentales: el <strong>Pacto Verde Europeo<\/strong>, la iniciativa general que establece los objetivos; el <strong>dise\u00f1o ecol\u00f3gico de productos sostenibles<\/strong>, que establece c\u00f3mo deben dise\u00f1arse los productos desde un primer momento, considerando la econom\u00eda circular; y el <strong>pasaporte digital de producto (PDP)<\/strong>, que contiene informaci\u00f3n sobre el ciclo de vida de un producto. El objetivo del PDP es mejorar la transparencia, la trazabilidad y la rendici\u00f3n de cuentas a lo largo de la cadena de suministro y permitir que los consumidores y las empresas tomen decisiones informadas basadas en el impacto medioambiental de un producto.<\/p>\n\n\n\n<div style=\"height:20px\" aria-hidden=\"true\" class=\"wp-block-spacer\"><\/div>\n\n\n\n<p class=\"has-text-color has-link-color wp-elements-d0129776cd01def1587af7532f73ed5c\" style=\"color:#464646\"><strong>Jakob Nieweg: \u00bfC\u00f3mo contribuyen exactamente las tecnolog\u00edas de punto de venta e identificaci\u00f3n autom\u00e1tica a la realizaci\u00f3n del Pacto Verde y el PDP?<\/strong><\/p>\n\n\n\n<p><strong>Richard Barfield:<\/strong> Las tecnolog\u00edas de identificaci\u00f3n autom\u00e1tica y captura de datos son cruciales para la mejora de la trazabilidad y la transparencia en las cadenas de suministro. Los esc\u00e1neres de c\u00f3digos de barras, las etiquetas t\u00e9rmicas, las soluciones de computaci\u00f3n m\u00f3vil, las impresoras RFID y los identificadores RFID posibilitan el seguimiento en tiempo real de los productos a lo largo de su ciclo de vida. Las tecnolog\u00edas de impresi\u00f3n t\u00e9rmica de Zebra facilitan la impresi\u00f3n y codificaci\u00f3n de c\u00f3digos QR o identificadores RFID para permitir la identificaci\u00f3n serializada de cada producto. En cada etapa de la cadena de suministro, avanzadas soluciones escaneo capturan informaci\u00f3n cr\u00edtica para garantizar que toda la informaci\u00f3n requerida por un PDP quede registrada con precisi\u00f3n y sea f\u00e1cilmente accesible. Esto proporciona al consumidor informaci\u00f3n transparente sobre el impacto medioambiental de los productos que compra.<\/p>\n\n\n\n<div style=\"height:20px\" aria-hidden=\"true\" class=\"wp-block-spacer\"><\/div>\n\n\n\n<p class=\"has-text-color has-link-color wp-elements-c5b9ee3f7ca2771cba2ad8b1aa47b314\" style=\"color:#464646\"><strong>Jakob Nieweg: \u00bfQu\u00e9 papel desempe\u00f1an los pasaportes digitales de producto (PDP) en la mejora de la transparencia de las cadenas de suministro? \u00bfCu\u00e1les son los objetivos y las ventajas m\u00e1s importantes?<\/strong><\/p>\n\n\n\n<p><strong>Richard Barfield:<\/strong> En esencia, el PDP facilitar\u00e1 la transparencia de la cadena de suministro al proporcionar informaci\u00f3n detallada, accesible y verificable sobre el ciclo de vida de un producto, como el seguimiento de componentes y materiales, el intercambio de datos en tiempo real, el cumplimiento normativo y la verificaci\u00f3n. Con ello se apoya un enfoque m\u00e1s sostenible y \u00e9tico de la producci\u00f3n y el consumo, en l\u00ednea con los objetivos globales de sostenibilidad. Si el consumidor puede tomar decisiones de compra informadas, basadas en pr\u00e1cticas sostenibles y \u00e9ticas relativas a un producto, su comportamiento hacia los productos deber\u00eda cambiar.<\/p>\n<\/div>\n\n\n\n<div class=\"wp-block-column is-layout-flow wp-block-column-is-layout-flow\" style=\"flex-basis:1%\"><\/div>\n\n\n\n<div class=\"wp-block-column is-layout-flow wp-block-column-is-layout-flow\" style=\"flex-basis:49.5%\">\n<p class=\"has-text-color has-link-color wp-elements-ee6f537f63afe720f88463aeb6d8e446\" style=\"color:#464646\"><strong>Jakob Nieweg: Con la implantaci\u00f3n del PDP, \u00bfa qu\u00e9 desaf\u00edos t\u00e9cnicos y de protecci\u00f3n de la informaci\u00f3n nos enfrentamos? \u00bfQu\u00e9 informaci\u00f3n de producto cree que debe contener un PDP para ser eficaz?<\/strong><\/p>\n\n\n\n<p><strong>Richard Barfield:<\/strong> Las empresas se enfrentan a retos en materia de interoperabilidad, gesti\u00f3n de la informaci\u00f3n, protecci\u00f3n de datos, cumplimiento y ciberseguridad. Para afrontar con \u00e9xito estos desaf\u00edos, el PDP debe disponer de informaci\u00f3n exhaustiva sobre los detalles del producto, componentes y materiales, procesos de fabricaci\u00f3n, efectos sobre el medio ambiente, cumplimiento y certificaciones, trazabilidad de la cadena de suministro, instrucciones relativas al final de su vida \u00fatil e informaci\u00f3n para el consumidor.<\/p>\n\n\n\n<div style=\"height:20px\" aria-hidden=\"true\" class=\"wp-block-spacer\"><\/div>\n\n\n\n<p class=\"has-text-color has-link-color wp-elements-81f3a8c152544f0b5dd0dac4ab4dca3c\" style=\"color:#464646\"><strong>Jakob Nieweg: \u00bfQu\u00e9 oportunidades ofrecen a los fabricantes las nuevas normativas y la implantaci\u00f3n del PDP?<\/strong><\/p>\n\n\n\n<p><strong>Richard Barfield:<\/strong> Ya he mencionado algunos aspectos como el aumento de la eficiencia, la confianza del consumidor y la diferenciaci\u00f3n del mercado. No obstante, vale la pena considerar tambi\u00e9n los aspectos menos obvios. Cabe citar entre ellos, por ejemplo, el acceso a financiaci\u00f3n sostenible. Las empresas que demuestren s\u00f3lidas pr\u00e1cticas de sostenibilidad en el marco de la EPP pueden obtener un mejor acceso a opciones de financiaci\u00f3n ecol\u00f3gica, como tipos de pr\u00e9stamo m\u00e1s bajos, mayor inversi\u00f3n por parte de inversores centrados en criterios ESG (medioambientales, sociales y de gobernanza) y subvenciones o subsidios de las administraciones p\u00fablicas.<br><br>El cumplimiento de las normas internacionales de sostenibilidad y unas cadenas de suministro m\u00e1s transparentes tambi\u00e9n pueden abrir nuevos mercados de exportaci\u00f3n y establecer relaciones comerciales, dado que numerosos pa\u00edses y regiones tienen preferencia por los productos sostenibles. El compromiso y la retenci\u00f3n de los trabajadores tambi\u00e9n se ven reforzados a medida que se va dando prioridad a pr\u00e1cticas de sostenibilidad y \u00e9ticas.<\/p>\n\n\n\n<div style=\"height:20px\" aria-hidden=\"true\" class=\"wp-block-spacer\"><\/div>\n\n\n\n<p class=\"has-text-color has-link-color wp-elements-b179faaa644c67111a16a683d067fc39\" style=\"color:#464646\"><strong>Jakob Nieweg: \u00bfCu\u00e1les son los primeros pasos que deben dar las empresas para mejorar el control ambiental de su cadena de suministro? \u00bfC\u00f3mo pueden prepararse y recibir apoyo por la sostenibilidad?<\/strong><\/p>\n\n\n\n<p><strong>Richard Barfield:<\/strong> La mejora de la gesti\u00f3n ambiental en la cadena de suministro implica la adopci\u00f3n de una serie de medidas estrat\u00e9gicas, como la realizaci\u00f3n de un inventario, la implicaci\u00f3n de las partes interesadas, la introducci\u00f3n de instrumentos de monitorizaci\u00f3n, el desarrollo de una pol\u00edtica de compras sostenibles y formaci\u00f3n.<br><br>En Zebra, estamos comprometidos con la iniciativa de objetos basados en la ciencia (SBTi). Tambi\u00e9n contamos con un grupo de recursos para empleados llamado \u00abThe Green Herd\u00bb. El grupo est\u00e1 formado por 300 voluntarios de todo el mundo que quieren medir su propia huella de CO2 y tomar cartas para realizar mejoras en este \u00e1mbito. Este es un gran ejemplo: si las personas pueden llevar la iniciativa, las organizaciones tambi\u00e9n pueden.<br><br>El primer paso siempre debe ser la definici\u00f3n de objetivos claros. Una vez fijados, uno ya puede empezar a identificar las \u00e1reas donde se puede mejorar. Yo sugerir\u00eda empezar por la modernizaci\u00f3n de las cadenas de suministro. El PDP depender\u00e1 de activadores digitales, como c\u00f3digos QR e identificadores RFID. Por ello, si los clientes se van quedando tecnol\u00f3gicamente rezagados \u2015tal vez sigan utilizando l\u00e1piz y papel o est\u00e9n limitados a c\u00f3digos 1D\u2015, un punto de partida prometedor ser\u00eda ayudarles a implantar tecnolog\u00edas y procesos actuales.<\/p>\n<\/div>\n<\/div>\n\n\n\n<div class=\"wp-block-columns has-background is-layout-flex wp-container-core-columns-is-layout-9d6595d7 wp-block-columns-is-layout-flex\" style=\"background-color:#efefef\">\n<div class=\"wp-block-column is-layout-flow wp-block-column-is-layout-flow\" style=\"flex-basis:49.5%\">\n<div class=\"wp-block-columns is-layout-flex wp-container-core-columns-is-layout-9d6595d7 wp-block-columns-is-layout-flex\">\n<div class=\"wp-block-column is-layout-flow wp-block-column-is-layout-flow\" style=\"flex-basis:1%\"><\/div>\n\n\n\n<div class=\"wp-block-column is-layout-flow wp-block-column-is-layout-flow\" style=\"flex-basis:99%\">\n<div style=\"height:20px\" aria-hidden=\"true\" class=\"wp-block-spacer\"><\/div>\n\n\n\n<h4 class=\"wp-block-heading has-text-color has-link-color wp-elements-41cfffa05726aa30146c192dbfea0c55\" style=\"color:#0078c0\"><strong>Zebra Electronic Temperature Sensors<\/strong><\/h4>\n\n\n\n<ul class=\"wp-block-list\">\n<li>Sensores de temperatura de -40\u00b0C a 85\u00b0C (de -40\u00b0F a 185 \u00b0F)<\/li>\n\n\n\n<li>Memoria interna para almacenar 16.000 registros de datos<\/li>\n\n\n\n<li>Compatibles con EDGEVue y OCEABridge de Zebra<\/li>\n<\/ul>\n\n\n\n<hr class=\"wp-block-separator has-text-color has-alpha-channel-opacity has-background\" style=\"background-color:#0078c0;color:#0078c0\"\/>\n\n\n\n<div style=\"height:40px\" aria-hidden=\"true\" class=\"wp-block-spacer\"><\/div>\n\n\n\n<div class=\"wp-block-buttons is-content-justification-center is-layout-flex wp-container-core-buttons-is-layout-16018d1d wp-block-buttons-is-layout-flex\">\n<div class=\"wp-block-button\"><a class=\"wp-block-button__link has-background wp-element-button\" href=\"https:\/\/www.jarltech.com\/en\/zebra-electronic-temperature-sensors\" style=\"background-color:#0078c0\" target=\"_blank\" rel=\"noreferrer noopener\"><strong>M\u00e1s informaci\u00f3n<\/strong><\/a><\/div>\n<\/div>\n<\/div>\n<\/div>\n<\/div>\n\n\n\n<div class=\"wp-block-column is-layout-flow wp-block-column-is-layout-flow\" style=\"flex-basis:1%\"><\/div>\n\n\n\n<div class=\"wp-block-column is-layout-flow wp-block-column-is-layout-flow\" style=\"flex-basis:49.5%\"><div class=\"wp-block-image\">\n<figure class=\"alignleft size-full is-resized\"><img loading=\"lazy\" decoding=\"async\" width=\"1000\" height=\"1000\" src=\"https:\/\/jarltech.blog\/a\/wp-content\/uploads\/2024\/11\/WP_ZEB_ZS300-ZB200_left_shop.png\" alt=\"\" class=\"wp-image-48246\" style=\"width:283px;height:auto\" srcset=\"https:\/\/jarltech.blog\/a\/wp-content\/uploads\/2024\/11\/WP_ZEB_ZS300-ZB200_left_shop.png 1000w, https:\/\/jarltech.blog\/a\/wp-content\/uploads\/2024\/11\/WP_ZEB_ZS300-ZB200_left_shop-300x300.png 300w, https:\/\/jarltech.blog\/a\/wp-content\/uploads\/2024\/11\/WP_ZEB_ZS300-ZB200_left_shop-150x150.png 150w, https:\/\/jarltech.blog\/a\/wp-content\/uploads\/2024\/11\/WP_ZEB_ZS300-ZB200_left_shop-768x768.png 768w\" sizes=\"auto, (max-width: 1000px) 100vw, 1000px\" \/><\/figure>\n<\/div><\/div>\n<\/div>\n\n\n\n<div style=\"height:20px\" aria-hidden=\"true\" class=\"wp-block-spacer\"><\/div>\n\n\n\n<div class=\"wp-block-columns has-background is-layout-flex wp-container-core-columns-is-layout-9d6595d7 wp-block-columns-is-layout-flex\" style=\"background-color:#efefef\">\n<div class=\"wp-block-column is-layout-flow wp-block-column-is-layout-flow\" style=\"flex-basis:49.5%\">\n<div class=\"wp-block-columns is-layout-flex wp-container-core-columns-is-layout-9d6595d7 wp-block-columns-is-layout-flex\">\n<div class=\"wp-block-column is-layout-flow wp-block-column-is-layout-flow\" style=\"flex-basis:1%\"><\/div>\n\n\n\n<div class=\"wp-block-column is-layout-flow wp-block-column-is-layout-flow\" style=\"flex-basis:99%\">\n<div style=\"height:20px\" aria-hidden=\"true\" class=\"wp-block-spacer\"><\/div>\n\n\n\n<h4 class=\"wp-block-heading has-text-color has-link-color wp-elements-a7a1d6f636c1f2a3e9c531341cd359cc\" style=\"color:#0078c0\"><strong><strong>ET40\/ET45<\/strong><\/strong><\/h4>\n\n\n\n<ul class=\"wp-block-list\">\n<li>Tabletas de negocio con esc\u00e1ner de gama empresarial integrado<\/li>\n\n\n\n<li>Pantalla multit\u00e1ctil capacitiva de 8&#8243; o 10&#8243;<\/li>\n\n\n\n<li>Wi-Fi 6, 5G, Bluetooth 5.1, NFC y GPS (solo ET45)<\/li>\n<\/ul>\n\n\n\n<hr class=\"wp-block-separator has-text-color has-alpha-channel-opacity has-background\" style=\"background-color:#0078c0;color:#0078c0\"\/>\n\n\n\n<div style=\"height:40px\" aria-hidden=\"true\" class=\"wp-block-spacer\"><\/div>\n\n\n\n<div class=\"wp-block-buttons is-content-justification-center is-layout-flex wp-container-core-buttons-is-layout-16018d1d wp-block-buttons-is-layout-flex\">\n<div class=\"wp-block-button\"><a class=\"wp-block-button__link has-background wp-element-button\" href=\"https:\/\/www.jarltech.com\/en\/zebra-et40et45-0\" style=\"background-color:#0078c0\" target=\"_blank\" rel=\"noreferrer noopener\"><strong>M\u00e1s informaci\u00f3n<\/strong><\/a><\/div>\n<\/div>\n<\/div>\n<\/div>\n<\/div>\n\n\n\n<div class=\"wp-block-column is-layout-flow wp-block-column-is-layout-flow\" style=\"flex-basis:1%\"><\/div>\n\n\n\n<div class=\"wp-block-column is-layout-flow wp-block-column-is-layout-flow\" style=\"flex-basis:49.5%\"><div class=\"wp-block-image\">\n<figure class=\"alignleft size-full is-resized\"><img loading=\"lazy\" decoding=\"async\" width=\"600\" height=\"600\" src=\"https:\/\/jarltech.blog\/a\/wp-content\/uploads\/2024\/11\/WP_ZEB_ET40_10in_black_left.png\" alt=\"\" class=\"wp-image-48200\" style=\"width:313px;height:auto\" srcset=\"https:\/\/jarltech.blog\/a\/wp-content\/uploads\/2024\/11\/WP_ZEB_ET40_10in_black_left.png 600w, https:\/\/jarltech.blog\/a\/wp-content\/uploads\/2024\/11\/WP_ZEB_ET40_10in_black_left-300x300.png 300w, https:\/\/jarltech.blog\/a\/wp-content\/uploads\/2024\/11\/WP_ZEB_ET40_10in_black_left-150x150.png 150w\" sizes=\"auto, (max-width: 600px) 100vw, 600px\" \/><\/figure>\n<\/div><\/div>\n<\/div>\n\n\n\n<div style=\"height:20px\" aria-hidden=\"true\" class=\"wp-block-spacer\"><\/div>\n\n\n\n<div class=\"wp-block-columns has-background is-layout-flex wp-container-core-columns-is-layout-9d6595d7 wp-block-columns-is-layout-flex\" style=\"background-color:#efefef\">\n<div class=\"wp-block-column is-layout-flow wp-block-column-is-layout-flow\" style=\"flex-basis:49.5%\">\n<div class=\"wp-block-columns is-layout-flex wp-container-core-columns-is-layout-9d6595d7 wp-block-columns-is-layout-flex\">\n<div class=\"wp-block-column is-layout-flow wp-block-column-is-layout-flow\" style=\"flex-basis:1%\"><\/div>\n\n\n\n<div class=\"wp-block-column is-layout-flow wp-block-column-is-layout-flow\" style=\"flex-basis:99%\">\n<div style=\"height:20px\" aria-hidden=\"true\" class=\"wp-block-spacer\"><\/div>\n\n\n\n<h4 class=\"wp-block-heading has-text-color has-link-color wp-elements-46c4ca1f1f35948e35c701eaaaa07e3e\" style=\"color:#0078c0\"><strong><strong><strong>ET60\/ET65<\/strong><\/strong><\/strong><\/h4>\n\n\n\n<ul class=\"wp-block-list\">\n<li>Tableta con Android o Windows (ET60W\/ET65W)<\/li>\n\n\n\n<li>Bater\u00eda intercambiable en caliente de 8.920 mAh (opcionalmente, 17.840 mAh)<\/li>\n\n\n\n<li>Wi-Fi 6E, Bluetooth 5.2 y (NFC); ET65: 5G, GPS<\/li>\n<\/ul>\n\n\n\n<hr class=\"wp-block-separator has-text-color has-alpha-channel-opacity has-background\" style=\"background-color:#0078c0;color:#0078c0\"\/>\n\n\n\n<div style=\"height:40px\" aria-hidden=\"true\" class=\"wp-block-spacer\"><\/div>\n\n\n\n<div class=\"wp-block-buttons is-content-justification-center is-layout-flex wp-container-core-buttons-is-layout-16018d1d wp-block-buttons-is-layout-flex\">\n<div class=\"wp-block-button\"><a class=\"wp-block-button__link has-background wp-element-button\" href=\"https:\/\/www.jarltech.com\/en\/zebra-et60et65\" style=\"background-color:#0078c0\" target=\"_blank\" rel=\"noreferrer noopener\"><strong>M\u00e1s informaci\u00f3n<\/strong><\/a><\/div>\n<\/div>\n<\/div>\n<\/div>\n<\/div>\n\n\n\n<div class=\"wp-block-column is-layout-flow wp-block-column-is-layout-flow\" style=\"flex-basis:1%\"><\/div>\n\n\n\n<div class=\"wp-block-column is-layout-flow wp-block-column-is-layout-flow\" style=\"flex-basis:49.5%\"><div class=\"wp-block-image\">\n<figure class=\"alignleft size-full is-resized\"><img loading=\"lazy\" decoding=\"async\" width=\"600\" height=\"600\" src=\"https:\/\/jarltech.blog\/a\/wp-content\/uploads\/2024\/11\/WP_ZEB_ET60_front.png\" alt=\"\" class=\"wp-image-48207\" style=\"width:364px;height:auto\" srcset=\"https:\/\/jarltech.blog\/a\/wp-content\/uploads\/2024\/11\/WP_ZEB_ET60_front.png 600w, https:\/\/jarltech.blog\/a\/wp-content\/uploads\/2024\/11\/WP_ZEB_ET60_front-300x300.png 300w, https:\/\/jarltech.blog\/a\/wp-content\/uploads\/2024\/11\/WP_ZEB_ET60_front-150x150.png 150w\" sizes=\"auto, (max-width: 600px) 100vw, 600px\" \/><\/figure>\n<\/div><\/div>\n<\/div>\n\n\n\n<div style=\"height:30px\" aria-hidden=\"true\" class=\"wp-block-spacer\"><\/div>\n\n\n\n<div class=\"wp-block-columns is-layout-flex wp-container-core-columns-is-layout-9d6595d7 wp-block-columns-is-layout-flex\">\n<div class=\"wp-block-column is-layout-flow wp-block-column-is-layout-flow\" style=\"flex-basis:49.5%\">\n<p class=\"has-text-color has-link-color wp-elements-9003635349e9252d6a63f2b1151e006c\" style=\"color:#464646\"><strong>Jakob Nieweg: \u00bfC\u00f3mo se presenta el futuro de las cadenas de suministro sostenibles? \u00bfQu\u00e9 tendencias y desarrollos cabe esperar en los pr\u00f3ximos a\u00f1os? \u00bfC\u00f3mo apoya Zebra al mercado?<\/strong><\/p>\n\n\n\n<p><strong>Richard Barfield: <\/strong>El Pacto Verde Europeo y el PDP seguir\u00e1n impulsando tendencias como el internet de las cosas (en ingl\u00e9s, IoT), la RFID, <em>blockchain<\/em>, la inteligencia artificial, el aprendizaje autom\u00e1tico y la visi\u00f3n artificial. Los conocimientos en tiempo real, la visibilidad y la transparencia, as\u00ed como la toma de decisiones basada en datos, ser\u00e1n cada vez m\u00e1s importantes. Veremos cadenas de suministro en las que los trabajadores de primera l\u00ednea y la gerencia estar\u00e1n mejor conectados y dispondr\u00e1n de dispositivos con tecnolog\u00eda <em>wearable<\/em>, que son parte fundamental de la oferta de Zebra.<br><br>Por ejemplo, a partir de 2029, el PDP de los alimentos requerir\u00e1 que la informaci\u00f3n sobre el estado de frescura o congelaci\u00f3n est\u00e9 disponible en tiempo real durante el transporte, de modo que se puedan adoptar medidas en caso de que las desviaciones de los par\u00e1metros de temperatura especificados pudiesen afectar al estado del producto. Zebra ofrece una gama de sensores ambientales \u00f3pticos y electr\u00f3nicos que satisfacen estos requerimientos. Nuestro <strong>sensor de temperatura ZS300<\/strong>, junto con el <strong>puente ZB200<\/strong>, ofrece una soluci\u00f3n \u00f3ptima de recogida de datos de la red, para construir una cadena de trazabilidad, maximizar la productividad y garantizar la calidad y el cumplimiento normativo. Combinar estos sensores con nuestras <strong>tabletas ET40\/ET45 y ET60\/ET65<\/strong> conforma el ecosistema perfecto, que proporciona una visi\u00f3n general de los datos de temperatura procedentes de cualquier ZS300 o ZB200 y asegura una vista de panel control impecable.<\/p>\n\n\n\n<div class=\"wp-block-columns is-layout-flex wp-container-core-columns-is-layout-9d6595d7 wp-block-columns-is-layout-flex\">\n<div class=\"wp-block-column has-background is-layout-flow wp-block-column-is-layout-flow\" style=\"background-color:#0078c0\">\n<div style=\"height:20px\" aria-hidden=\"true\" class=\"wp-block-spacer\"><\/div>\n\n\n\n<p class=\"has-text-align-center has-white-color has-text-color has-link-color wp-elements-2b6924ec27da12a2e0124c4d348467ae\"><strong>Descubra m\u00e1s dispositivos Zebra fiables para la industria en nuestro microsite<\/strong><\/p>\n\n\n\n<div class=\"wp-block-buttons is-content-justification-center is-layout-flex wp-container-core-buttons-is-layout-16018d1d wp-block-buttons-is-layout-flex\">\n<div class=\"wp-block-button\"><a class=\"wp-block-button__link has-white-background-color has-text-color has-background has-link-color has-text-align-center wp-element-button\" href=\"https:\/\/zebra-manufacturing.jarltech.com\/en\/zebra-manufacturing\" style=\"color:#0078c0\" target=\"_blank\" rel=\"noreferrer noopener\"><strong>M\u00e1s informaci\u00f3n<\/strong><\/a><\/div>\n<\/div>\n\n\n\n<div style=\"height:20px\" aria-hidden=\"true\" class=\"wp-block-spacer\"><\/div>\n<\/div>\n<\/div>\n<\/div>\n\n\n\n<div class=\"wp-block-column is-layout-flow wp-block-column-is-layout-flow\" style=\"flex-basis:1%\"><\/div>\n\n\n\n<div class=\"wp-block-column is-layout-flow wp-block-column-is-layout-flow\" style=\"flex-basis:49.5%\">\n<p class=\"has-text-color has-link-color wp-elements-b85816b708bac0232d2af1b51554ebaa\" style=\"color:#464646\"><strong>Jakob Nieweg: \u00bfQu\u00e9 otras medidas ha adoptado Zebra hasta el momento para promover la sostenibilidad en la producci\u00f3n? Para Zebra, \u00bfcu\u00e1les son los efectos a largo plazo del Pacto Verde?<\/strong><\/p>\n\n\n\n<p><strong>Richard Barfield:<\/strong> Ya he mencionado nuestros objetivos basados en la ciencia (SBTi) y nuestro movimiento \u00abThe Green Herd\u00bb. Este a\u00f1o tambi\u00e9n hemos publicado nuestro primer informe de sostenibilidad. Este informe recoge, en global, las iniciativas de todos los emplazamientos, las filiales, los departamentos y los empleados de Zebra. Para lograr nuestros ambiciosos objetivos, debemos revisar nuestras pr\u00e1cticas y procesos de manera constante. Esto incluye proyectos para eliminar de nuestros embalajes los pl\u00e1sticos de un solo uso, la instalaci\u00f3n de puntos de carga para veh\u00edculos el\u00e9ctricos en nuestros aparcamientos y la b\u00fasqueda de materiales m\u00e1s respetuosos con el medio ambiente para nuestros productos, como el almid\u00f3n de patata para los cartuchos de nuestras impresoras ZSB.<br><br>Con nuestro nuevo programa de reconocimiento de sostenibilidad, hemos lanzado una gran iniciativa para nuestros colaboradores comerciales. El reconocimiento se basa en la experiencia y la inversi\u00f3n de nuestros colaboradores en soluciones sostenibles.<br>En estos momentos, estamos experimentando un aumento en la demanda de productos sostenibles por parte de nuestros clientes. Parte de esta demanda viene motivada por el cumplimiento de normativas y reglamentos, pero gran parte proviene de clientes que, de manera voluntaria, se han colocado en primera l\u00ednea con pol\u00edticas proactivas de responsabilidad social corporativa. El PDP ser\u00e1 la fuerza motriz para garantizar que, en el futuro, todas las partes interesadas cumplan los requerimientos que nos conducir\u00e1n a un futuro m\u00e1s sostenible.<br><\/p>\n\n\n\n<div style=\"height:20px\" aria-hidden=\"true\" class=\"wp-block-spacer\"><\/div>\n\n\n\n<p class=\"has-text-color has-link-color wp-elements-829c2a23a1591a75fdf93cf8408f7263\" style=\"color:#464646\"><strong>Jakob Nieweg: Muchas gracias, Richard, por el tiempo que ha dedicado a responder a mis preguntas sobre el papel de Zebra en el Pacto Verde Europeo. Estoy seguro de que ser\u00e1 de ayuda para muchas personas interesadas en la materia.<\/strong><\/p>\n<\/div>\n<\/div>\n\n\n\n<div style=\"height:20px\" aria-hidden=\"true\" class=\"wp-block-spacer\"><\/div>\n\n\n\n<hr class=\"wp-block-separator has-text-color has-alpha-channel-opacity has-background\" style=\"background-color:#0078c0;color:#0078c0\"\/>\n\n\n\n<div style=\"height:10px\" aria-hidden=\"true\" class=\"wp-block-spacer\"><\/div>\n\n\n\n<div class=\"wp-block-columns is-layout-flex wp-container-core-columns-is-layout-9d6595d7 wp-block-columns-is-layout-flex\">\n<div class=\"wp-block-column is-layout-flow wp-block-column-is-layout-flow\">\n<div style=\"height:35px\" aria-hidden=\"true\" class=\"wp-block-spacer\"><\/div>\n\n\n\n<p class=\"has-text-color has-link-color wp-elements-1f87c88d8f92ae5fad7259020c58e128\" style=\"color:#0078c0\"><strong>\u00a1Consulte a su agente comercial acerca de los sensores electr\u00f3nicos de temperatura y las tabletas ET40\/ET45 y ET60\/ET65 de Zebra en su pr\u00f3xima llamada!<\/strong><\/p>\n<\/div>\n\n\n\n<div class=\"wp-block-column is-layout-flow wp-block-column-is-layout-flow\"><div class=\"wp-block-image\">\n<figure class=\"aligncenter size-large is-resized\"><img loading=\"lazy\" decoding=\"async\" width=\"1024\" height=\"663\" src=\"https:\/\/jarltech.blog\/a\/wp-content\/uploads\/2020\/10\/Zebra_Logo_K_xl-2-1024x663.png\" alt=\"\" class=\"wp-image-9328\" style=\"width:284px;height:auto\" srcset=\"https:\/\/jarltech.blog\/a\/wp-content\/uploads\/2020\/10\/Zebra_Logo_K_xl-2-1024x663.png 1024w, https:\/\/jarltech.blog\/a\/wp-content\/uploads\/2020\/10\/Zebra_Logo_K_xl-2-300x194.png 300w, https:\/\/jarltech.blog\/a\/wp-content\/uploads\/2020\/10\/Zebra_Logo_K_xl-2-768x497.png 768w, https:\/\/jarltech.blog\/a\/wp-content\/uploads\/2020\/10\/Zebra_Logo_K_xl-2.png 1224w\" sizes=\"auto, (max-width: 1024px) 100vw, 1024px\" \/><\/figure>\n<\/div><\/div>\n<\/div>\n","protected":false},"excerpt":{"rendered":"<p>Jakob Nieweg, director adjunto de gesti\u00f3n de marca de Jarltech Europe GmbH, charl\u00f3 con Richard Barfield, director de marketing de producto para EMEA de Zebra Technologies, acerca del papel de<\/p>\n","protected":false},"author":18,"featured_media":48298,"comment_status":"closed","ping_status":"closed","sticky":false,"template":"","format":"standard","meta":{"footnotes":""},"categories":[90],"tags":[],"class_list":["post-48268","post","type-post","status-publish","format-standard","has-post-thumbnail","hentry","category-sin-categorizar"],"yoast_head":"<!-- This site is optimized with the Yoast SEO plugin v27.5 - https:\/\/yoast.com\/product\/yoast-seo-wordpress\/ -->\n<title>El papel de Zebra en el Pacto Verde Europeo - Jarltech.blog<\/title>\n<meta name=\"robots\" content=\"index, follow, max-snippet:-1, max-image-preview:large, max-video-preview:-1\" \/>\n<link rel=\"canonical\" href=\"https:\/\/jarltech.blog\/es\/sin-categorizar\/el-papel-de-zebra-en-el-pacto-verde-europeo\" \/>\n<meta name=\"twitter:card\" content=\"summary_large_image\" \/>\n<meta name=\"twitter:title\" content=\"El papel de Zebra en el Pacto Verde Europeo - Jarltech.blog\" \/>\n<meta name=\"twitter:description\" content=\"Jakob Nieweg, director adjunto de gesti\u00f3n de marca de Jarltech Europe GmbH, charl\u00f3 con Richard Barfield, director de marketing de producto para EMEA de Zebra Technologies, acerca del papel de\" \/>\n<meta name=\"twitter:image\" content=\"https:\/\/jarltech.blog\/a\/wp-content\/uploads\/2024\/11\/WP_ZEB_Interview_Green-deal_ES.png\" \/>\n<meta name=\"twitter:creator\" content=\"@jarltech\" \/>\n<meta name=\"twitter:site\" content=\"@jarltech\" \/>\n<meta name=\"twitter:label1\" content=\"Written by\" \/>\n\t<meta name=\"twitter:data1\" content=\"David Barclay\" \/>\n\t<meta name=\"twitter:label2\" content=\"Est. reading time\" \/>\n\t<meta name=\"twitter:data2\" content=\"12 minutes\" \/>\n<script type=\"application\/ld+json\" class=\"yoast-schema-graph\">{\"@context\":\"https:\\\/\\\/schema.org\",\"@graph\":[{\"@type\":\"Article\",\"@id\":\"https:\\\/\\\/jarltech.blog\\\/es\\\/sin-categorizar\\\/el-papel-de-zebra-en-el-pacto-verde-europeo#article\",\"isPartOf\":{\"@id\":\"https:\\\/\\\/jarltech.blog\\\/es\\\/sin-categorizar\\\/el-papel-de-zebra-en-el-pacto-verde-europeo\"},\"author\":{\"name\":\"David Barclay\",\"@id\":\"https:\\\/\\\/jarltech.blog\\\/#\\\/schema\\\/person\\\/82503ee109d1e3e6a8dbe05acfbd2a34\"},\"headline\":\"El papel de Zebra en el Pacto Verde Europeo\",\"datePublished\":\"2024-11-26T08:09:30+00:00\",\"dateModified\":\"2024-11-26T08:09:31+00:00\",\"mainEntityOfPage\":{\"@id\":\"https:\\\/\\\/jarltech.blog\\\/es\\\/sin-categorizar\\\/el-papel-de-zebra-en-el-pacto-verde-europeo\"},\"wordCount\":1992,\"image\":{\"@id\":\"https:\\\/\\\/jarltech.blog\\\/es\\\/sin-categorizar\\\/el-papel-de-zebra-en-el-pacto-verde-europeo#primaryimage\"},\"thumbnailUrl\":\"https:\\\/\\\/jarltech.blog\\\/a\\\/wp-content\\\/uploads\\\/2024\\\/11\\\/WP_ZEB_Interview_Green-deal_ES.png\",\"articleSection\":[\"Sin categorizar\"],\"inLanguage\":\"es-ES\"},{\"@type\":\"WebPage\",\"@id\":\"https:\\\/\\\/jarltech.blog\\\/es\\\/sin-categorizar\\\/el-papel-de-zebra-en-el-pacto-verde-europeo\",\"url\":\"https:\\\/\\\/jarltech.blog\\\/es\\\/sin-categorizar\\\/el-papel-de-zebra-en-el-pacto-verde-europeo\",\"name\":\"El papel de Zebra en el Pacto Verde Europeo - Jarltech.blog\",\"isPartOf\":{\"@id\":\"https:\\\/\\\/jarltech.blog\\\/#website\"},\"primaryImageOfPage\":{\"@id\":\"https:\\\/\\\/jarltech.blog\\\/es\\\/sin-categorizar\\\/el-papel-de-zebra-en-el-pacto-verde-europeo#primaryimage\"},\"image\":{\"@id\":\"https:\\\/\\\/jarltech.blog\\\/es\\\/sin-categorizar\\\/el-papel-de-zebra-en-el-pacto-verde-europeo#primaryimage\"},\"thumbnailUrl\":\"https:\\\/\\\/jarltech.blog\\\/a\\\/wp-content\\\/uploads\\\/2024\\\/11\\\/WP_ZEB_Interview_Green-deal_ES.png\",\"datePublished\":\"2024-11-26T08:09:30+00:00\",\"dateModified\":\"2024-11-26T08:09:31+00:00\",\"author\":{\"@id\":\"https:\\\/\\\/jarltech.blog\\\/#\\\/schema\\\/person\\\/82503ee109d1e3e6a8dbe05acfbd2a34\"},\"breadcrumb\":{\"@id\":\"https:\\\/\\\/jarltech.blog\\\/es\\\/sin-categorizar\\\/el-papel-de-zebra-en-el-pacto-verde-europeo#breadcrumb\"},\"inLanguage\":\"es-ES\",\"potentialAction\":[{\"@type\":\"ReadAction\",\"target\":[\"https:\\\/\\\/jarltech.blog\\\/es\\\/sin-categorizar\\\/el-papel-de-zebra-en-el-pacto-verde-europeo\"]}]},{\"@type\":\"ImageObject\",\"inLanguage\":\"es-ES\",\"@id\":\"https:\\\/\\\/jarltech.blog\\\/es\\\/sin-categorizar\\\/el-papel-de-zebra-en-el-pacto-verde-europeo#primaryimage\",\"url\":\"https:\\\/\\\/jarltech.blog\\\/a\\\/wp-content\\\/uploads\\\/2024\\\/11\\\/WP_ZEB_Interview_Green-deal_ES.png\",\"contentUrl\":\"https:\\\/\\\/jarltech.blog\\\/a\\\/wp-content\\\/uploads\\\/2024\\\/11\\\/WP_ZEB_Interview_Green-deal_ES.png\",\"width\":1200,\"height\":545},{\"@type\":\"BreadcrumbList\",\"@id\":\"https:\\\/\\\/jarltech.blog\\\/es\\\/sin-categorizar\\\/el-papel-de-zebra-en-el-pacto-verde-europeo#breadcrumb\",\"itemListElement\":[{\"@type\":\"ListItem\",\"position\":1,\"name\":\"Startseite\",\"item\":\"https:\\\/\\\/jarltech.blog\\\/es\"},{\"@type\":\"ListItem\",\"position\":2,\"name\":\"El papel de Zebra en el Pacto Verde Europeo\"}]},{\"@type\":\"WebSite\",\"@id\":\"https:\\\/\\\/jarltech.blog\\\/#website\",\"url\":\"https:\\\/\\\/jarltech.blog\\\/\",\"name\":\"Jarltech.blog\",\"description\":\"\",\"potentialAction\":[{\"@type\":\"SearchAction\",\"target\":{\"@type\":\"EntryPoint\",\"urlTemplate\":\"https:\\\/\\\/jarltech.blog\\\/?s={search_term_string}\"},\"query-input\":{\"@type\":\"PropertyValueSpecification\",\"valueRequired\":true,\"valueName\":\"search_term_string\"}}],\"inLanguage\":\"es-ES\"},{\"@type\":\"Person\",\"@id\":\"https:\\\/\\\/jarltech.blog\\\/#\\\/schema\\\/person\\\/82503ee109d1e3e6a8dbe05acfbd2a34\",\"name\":\"David Barclay\"}]}<\/script>\n<!-- \/ Yoast SEO plugin. -->","yoast_head_json":{"title":"El papel de Zebra en el Pacto Verde Europeo - Jarltech.blog","robots":{"index":"index","follow":"follow","max-snippet":"max-snippet:-1","max-image-preview":"max-image-preview:large","max-video-preview":"max-video-preview:-1"},"canonical":"https:\/\/jarltech.blog\/es\/sin-categorizar\/el-papel-de-zebra-en-el-pacto-verde-europeo","twitter_card":"summary_large_image","twitter_title":"El papel de Zebra en el Pacto Verde Europeo - Jarltech.blog","twitter_description":"Jakob Nieweg, director adjunto de gesti\u00f3n de marca de Jarltech Europe GmbH, charl\u00f3 con Richard Barfield, director de marketing de producto para EMEA de Zebra Technologies, acerca del papel de","twitter_image":"https:\/\/jarltech.blog\/a\/wp-content\/uploads\/2024\/11\/WP_ZEB_Interview_Green-deal_ES.png","twitter_creator":"@jarltech","twitter_site":"@jarltech","twitter_misc":{"Written by":"David Barclay","Est. reading time":"12 minutes"},"schema":{"@context":"https:\/\/schema.org","@graph":[{"@type":"Article","@id":"https:\/\/jarltech.blog\/es\/sin-categorizar\/el-papel-de-zebra-en-el-pacto-verde-europeo#article","isPartOf":{"@id":"https:\/\/jarltech.blog\/es\/sin-categorizar\/el-papel-de-zebra-en-el-pacto-verde-europeo"},"author":{"name":"David Barclay","@id":"https:\/\/jarltech.blog\/#\/schema\/person\/82503ee109d1e3e6a8dbe05acfbd2a34"},"headline":"El papel de Zebra en el Pacto Verde Europeo","datePublished":"2024-11-26T08:09:30+00:00","dateModified":"2024-11-26T08:09:31+00:00","mainEntityOfPage":{"@id":"https:\/\/jarltech.blog\/es\/sin-categorizar\/el-papel-de-zebra-en-el-pacto-verde-europeo"},"wordCount":1992,"image":{"@id":"https:\/\/jarltech.blog\/es\/sin-categorizar\/el-papel-de-zebra-en-el-pacto-verde-europeo#primaryimage"},"thumbnailUrl":"https:\/\/jarltech.blog\/a\/wp-content\/uploads\/2024\/11\/WP_ZEB_Interview_Green-deal_ES.png","articleSection":["Sin categorizar"],"inLanguage":"es-ES"},{"@type":"WebPage","@id":"https:\/\/jarltech.blog\/es\/sin-categorizar\/el-papel-de-zebra-en-el-pacto-verde-europeo","url":"https:\/\/jarltech.blog\/es\/sin-categorizar\/el-papel-de-zebra-en-el-pacto-verde-europeo","name":"El papel de Zebra en el Pacto Verde Europeo - Jarltech.blog","isPartOf":{"@id":"https:\/\/jarltech.blog\/#website"},"primaryImageOfPage":{"@id":"https:\/\/jarltech.blog\/es\/sin-categorizar\/el-papel-de-zebra-en-el-pacto-verde-europeo#primaryimage"},"image":{"@id":"https:\/\/jarltech.blog\/es\/sin-categorizar\/el-papel-de-zebra-en-el-pacto-verde-europeo#primaryimage"},"thumbnailUrl":"https:\/\/jarltech.blog\/a\/wp-content\/uploads\/2024\/11\/WP_ZEB_Interview_Green-deal_ES.png","datePublished":"2024-11-26T08:09:30+00:00","dateModified":"2024-11-26T08:09:31+00:00","author":{"@id":"https:\/\/jarltech.blog\/#\/schema\/person\/82503ee109d1e3e6a8dbe05acfbd2a34"},"breadcrumb":{"@id":"https:\/\/jarltech.blog\/es\/sin-categorizar\/el-papel-de-zebra-en-el-pacto-verde-europeo#breadcrumb"},"inLanguage":"es-ES","potentialAction":[{"@type":"ReadAction","target":["https:\/\/jarltech.blog\/es\/sin-categorizar\/el-papel-de-zebra-en-el-pacto-verde-europeo"]}]},{"@type":"ImageObject","inLanguage":"es-ES","@id":"https:\/\/jarltech.blog\/es\/sin-categorizar\/el-papel-de-zebra-en-el-pacto-verde-europeo#primaryimage","url":"https:\/\/jarltech.blog\/a\/wp-content\/uploads\/2024\/11\/WP_ZEB_Interview_Green-deal_ES.png","contentUrl":"https:\/\/jarltech.blog\/a\/wp-content\/uploads\/2024\/11\/WP_ZEB_Interview_Green-deal_ES.png","width":1200,"height":545},{"@type":"BreadcrumbList","@id":"https:\/\/jarltech.blog\/es\/sin-categorizar\/el-papel-de-zebra-en-el-pacto-verde-europeo#breadcrumb","itemListElement":[{"@type":"ListItem","position":1,"name":"Startseite","item":"https:\/\/jarltech.blog\/es"},{"@type":"ListItem","position":2,"name":"El papel de Zebra en el Pacto Verde Europeo"}]},{"@type":"WebSite","@id":"https:\/\/jarltech.blog\/#website","url":"https:\/\/jarltech.blog\/","name":"Jarltech.blog","description":"","potentialAction":[{"@type":"SearchAction","target":{"@type":"EntryPoint","urlTemplate":"https:\/\/jarltech.blog\/?s={search_term_string}"},"query-input":{"@type":"PropertyValueSpecification","valueRequired":true,"valueName":"search_term_string"}}],"inLanguage":"es-ES"},{"@type":"Person","@id":"https:\/\/jarltech.blog\/#\/schema\/person\/82503ee109d1e3e6a8dbe05acfbd2a34","name":"David Barclay"}]}},"_links":{"self":[{"href":"https:\/\/jarltech.blog\/es\/wp-json\/wp\/v2\/posts\/48268","targetHints":{"allow":["GET"]}}],"collection":[{"href":"https:\/\/jarltech.blog\/es\/wp-json\/wp\/v2\/posts"}],"about":[{"href":"https:\/\/jarltech.blog\/es\/wp-json\/wp\/v2\/types\/post"}],"author":[{"embeddable":true,"href":"https:\/\/jarltech.blog\/es\/wp-json\/wp\/v2\/users\/18"}],"replies":[{"embeddable":true,"href":"https:\/\/jarltech.blog\/es\/wp-json\/wp\/v2\/comments?post=48268"}],"version-history":[{"count":7,"href":"https:\/\/jarltech.blog\/es\/wp-json\/wp\/v2\/posts\/48268\/revisions"}],"predecessor-version":[{"id":48303,"href":"https:\/\/jarltech.blog\/es\/wp-json\/wp\/v2\/posts\/48268\/revisions\/48303"}],"wp:featuredmedia":[{"embeddable":true,"href":"https:\/\/jarltech.blog\/es\/wp-json\/wp\/v2\/media\/48298"}],"wp:attachment":[{"href":"https:\/\/jarltech.blog\/es\/wp-json\/wp\/v2\/media?parent=48268"}],"wp:term":[{"taxonomy":"category","embeddable":true,"href":"https:\/\/jarltech.blog\/es\/wp-json\/wp\/v2\/categories?post=48268"},{"taxonomy":"post_tag","embeddable":true,"href":"https:\/\/jarltech.blog\/es\/wp-json\/wp\/v2\/tags?post=48268"}],"curies":[{"name":"wp","href":"https:\/\/api.w.org\/{rel}","templated":true}]}}