{"id":39598,"date":"2024-02-14T11:54:07","date_gmt":"2024-02-14T10:54:07","guid":{"rendered":"https:\/\/jarltech.blog\/?p=39598"},"modified":"2024-02-14T11:54:08","modified_gmt":"2024-02-14T10:54:08","slug":"los-lcd-prolite-discretamente-llamativos","status":"publish","type":"post","link":"https:\/\/jarltech.blog\/es\/tecnologias-tactiles\/los-lcd-prolite-discretamente-llamativos","title":{"rendered":"Los LCD ProLite, discretamente llamativos"},"content":{"rendered":"\n<h2 class=\"wp-block-heading has-text-color has-link-color wp-elements-2cfc9ec4d24b67253df796c86fe5603f\" style=\"color:#19438f\">Los monitores LCD ProLite de iiyama, t\u00e1ctiles, sin marco e integrables, son tan discretos que destacan.<\/h2>\n\n\n\n<p class=\"caps\"><strong><strong><strong>Gracias a su elegante dise\u00f1o sin marco, los monitores t\u00e1ctiles integrables de la serie LCD ProLite de iiyama encajar\u00e1n a la perfecci\u00f3n con la imagen del establecimiento y, literalmente, se fusionar\u00e1n con el soporte en el que se instalen. Pero no se deje enga\u00f1ar: \u00a1su poderosa tecnolog\u00eda de visualizaci\u00f3n atrapar\u00e1 todas las miradas! Son perfectos para su uso como punto de informaci\u00f3n o sistema de quiosco, para realizar presentaciones en ferias comerciales y para mostrar publicidad en comercios minoristas.<\/strong><\/strong><\/strong><\/p>\n\n\n\n<div style=\"height:30px\" aria-hidden=\"true\" class=\"wp-block-spacer\"><\/div>\n\n\n\n<div class=\"wp-block-columns is-layout-flex wp-container-core-columns-is-layout-9d6595d7 wp-block-columns-is-layout-flex\">\n<div class=\"wp-block-column has-background is-layout-flow wp-block-column-is-layout-flow\" style=\"background-color:#f5f5f5\">\n<div class=\"wp-block-columns is-layout-flex wp-container-core-columns-is-layout-9d6595d7 wp-block-columns-is-layout-flex\">\n<div class=\"wp-block-column is-layout-flow wp-block-column-is-layout-flow\" style=\"flex-basis:1%\"><\/div>\n\n\n\n<div class=\"wp-block-column is-layout-flow wp-block-column-is-layout-flow\" style=\"flex-basis:98%\">\n<div style=\"height:25px\" aria-hidden=\"true\" class=\"wp-block-spacer\"><\/div>\n\n\n\n<h3 class=\"wp-block-heading has-text-align-center has-text-color has-link-color wp-elements-7b1b5de47084491dab5c7bbd55eadcb5\" style=\"color:#19438f\"><strong><strong>Monitores LCD ProLite<\/strong><\/strong><\/h3>\n\n\n<div class=\"wp-block-image\">\n<figure class=\"aligncenter size-large is-resized\"><img loading=\"lazy\" decoding=\"async\" width=\"779\" height=\"1024\" src=\"https:\/\/jarltech.blog\/a\/wp-content\/uploads\/2024\/02\/IIY_ProLite-779x1024.png\" alt=\"\" class=\"wp-image-39565\" style=\"width:285px;height:auto\" srcset=\"https:\/\/jarltech.blog\/a\/wp-content\/uploads\/2024\/02\/IIY_ProLite-779x1024.png 779w, https:\/\/jarltech.blog\/a\/wp-content\/uploads\/2024\/02\/IIY_ProLite-228x300.png 228w, https:\/\/jarltech.blog\/a\/wp-content\/uploads\/2024\/02\/IIY_ProLite-768x1010.png 768w, https:\/\/jarltech.blog\/a\/wp-content\/uploads\/2024\/02\/IIY_ProLite.png 1000w\" sizes=\"auto, (max-width: 779px) 100vw, 779px\" \/><\/figure>\n<\/div>\n\n\n<div style=\"height:30px\" aria-hidden=\"true\" class=\"wp-block-spacer\"><\/div>\n\n\n\n<ul class=\"wp-block-list\">\n<li>Monitores t\u00e1ctiles integrables sin marco<\/li>\n\n\n\n<li>Ideales para puntos de informaci\u00f3n, sistemas de quiosco, ferias comerciales y ventas al detalle<\/li>\n\n\n\n<li>Tama\u00f1os de pantalla: 21,5&#8221; (TF2238MSC-B1), 23,8&#8221; (TF2438MSC-B1), 27&#8221; (TF2738MSC-B2)<\/li>\n\n\n\n<li>Tecnolog\u00eda P-CAP, multit\u00e1ctiles (10 puntos)<\/li>\n\n\n\n<li>Resoluci\u00f3n <em>full<\/em> HD (1920 x 1080 p\u00edxeles), contraste: 1000:1<\/li>\n\n\n\n<li>Superficie de vidrio resistente a ara\u00f1azos e impactos<\/li>\n\n\n\n<li>Tiempo de respuesta: 5 ms<\/li>\n\n\n\n<li>USB, VGA, DVI, DisplayPort y HDMI<\/li>\n<\/ul>\n\n\n\n<div style=\"height:20px\" aria-hidden=\"true\" class=\"wp-block-spacer\"><\/div>\n\n\n\n<div class=\"wp-block-buttons is-content-justification-center is-layout-flex wp-container-core-buttons-is-layout-16018d1d wp-block-buttons-is-layout-flex\">\n<div class=\"wp-block-button\"><a class=\"wp-block-button__link has-background wp-element-button\" href=\"https:\/\/www.jarltech.com\/en\/iiyama-prolite-open-frame-lcds?mtm_campaign=wp_iiyama-prolite-lcds\" style=\"background-color:#19438f\" target=\"_blank\" rel=\"noreferrer noopener\"><strong>\u00a1Desc\u00fabrelo ahora!<\/strong><\/a><\/div>\n<\/div>\n\n\n\n<div style=\"height:30px\" aria-hidden=\"true\" class=\"wp-block-spacer\"><\/div>\n<\/div>\n\n\n\n<div class=\"wp-block-column is-layout-flow wp-block-column-is-layout-flow\" style=\"flex-basis:1%\"><\/div>\n<\/div>\n<\/div>\n\n\n\n<div class=\"wp-block-column is-layout-flow wp-block-column-is-layout-flow\">\n<h3 class=\"wp-block-heading has-text-color has-link-color wp-elements-a5d0b2bd3181fb6ceb3d1133780b2095\" style=\"color:#19438f\"><strong><strong><strong>Destacar desde cualquier \u00e1ngulo<\/strong><\/strong><\/strong><\/h3>\n\n\n\n<p>Desde cualquier perspectiva, independientemente de si el espectador es alto o bajo, de si observa el monitor de frente, desde abajo o desde un lateral, la pantalla de los LCD ProLite resulta realmente llamativa. Su gran \u00e1ngulo de visi\u00f3n, la viveza de su colorido y su nitidez de detalle en <em>full <\/em>HD transformar\u00e1n cada anuncio y cada presentaci\u00f3n de producto en una obra maestra que alentar\u00e1 a las personas a comprar.<\/p>\n\n\n\n<p>\u00bfSus clientes querr\u00edan utilizar estos monitores puramente como espacio publicitario de cara al p\u00fablico? Sin problema. Basta con bloquear los botones de control para evitar accesos no autorizados y los monitores cumplir\u00e1n el requerimiento. Dispone de las interfaces VGA, DVI, HDMI, DisplayPort y USB para agilizar su conexi\u00f3n incluso en ferias comerciales.<\/p>\n\n\n\n<div style=\"height:20px\" aria-hidden=\"true\" class=\"wp-block-spacer\"><\/div>\n\n\n\n<h3 class=\"wp-block-heading has-text-color has-link-color wp-elements-3db5f692bb56a4475f1208b561758a37\" style=\"color:#19438f\"><strong><strong><strong>Para uso en interiores y exteriores<\/strong><\/strong><\/strong><\/h3>\n\n\n\n<p>Para posibilitar su uso sin incidencias en espacios p\u00fablicos, estos monitores presentan una superficie t\u00e1ctil sin marco y con tecnolog\u00eda P-CAP, fabricada en un vidrio con un recubrimiento especial que lo hace resistente a ara\u00f1azos e impactos. Las pantallas tambi\u00e9n cuentan con protecci\u00f3n frente a la entrada de polvo y humedad de conformidad con el grado IP65.<\/p>\n\n\n\n<div style=\"height:20px\" aria-hidden=\"true\" class=\"wp-block-spacer\"><\/div>\n\n\n\n<h3 class=\"wp-block-heading has-text-color has-link-color wp-elements-b852090b976cddfcfdc23fccc0d10f9d\" style=\"color:#19438f\"><strong><strong><strong>Un vistazo a sus fundamentos<\/strong><\/strong><\/strong><\/h3>\n\n\n\n<p>La tecnolog\u00eda t\u00e1ctil de la serie LCD no solo es de alta calidad, sino tambi\u00e9n inteligente. Al operar los monitores mediante l\u00e1piz, se activa autom\u00e1ticamente su funci\u00f3n integrada de reconocimiento de palma. De este modo aseguran que el contacto simult\u00e1neo con el dedo o la palma se desestime.<\/p>\n<\/div>\n<\/div>\n\n\n\n<div style=\"height:40px\" aria-hidden=\"true\" class=\"wp-block-spacer\"><\/div>\n\n\n\n<div class=\"wp-block-columns is-layout-flex wp-container-core-columns-is-layout-9d6595d7 wp-block-columns-is-layout-flex\">\n<div class=\"wp-block-column is-layout-flow wp-block-column-is-layout-flow\" style=\"flex-basis:70%\">\n<h5 class=\"wp-block-heading has-text-color has-link-color wp-elements-931fb36022572d89424bdfc556531a49\" style=\"color:#19438f\"><strong><strong><strong>Cause una memorable impresi\u00f3n en sus clientes con los monitores t\u00e1ctiles integrables sin marco TF2238MSC-B1, TF2438MSC-B1 y TF2738MSC-B2 de iiyama. \u00a1Enc\u00e1rgueselos hoy mismo a su agente comercial!<\/strong><\/strong><\/strong><\/h5>\n<\/div>\n\n\n\n<div class=\"wp-block-column is-layout-flow wp-block-column-is-layout-flow\" style=\"flex-basis:30%\"><div class=\"wp-block-image\">\n<figure class=\"aligncenter size-full is-resized\"><img loading=\"lazy\" decoding=\"async\" width=\"1000\" height=\"429\" src=\"https:\/\/jarltech.blog\/a\/wp-content\/uploads\/2024\/02\/iiPD_logoBK_CMYK.png\" alt=\"\" class=\"wp-image-39581\" style=\"width:226px;height:auto\" srcset=\"https:\/\/jarltech.blog\/a\/wp-content\/uploads\/2024\/02\/iiPD_logoBK_CMYK.png 1000w, https:\/\/jarltech.blog\/a\/wp-content\/uploads\/2024\/02\/iiPD_logoBK_CMYK-300x129.png 300w, https:\/\/jarltech.blog\/a\/wp-content\/uploads\/2024\/02\/iiPD_logoBK_CMYK-768x329.png 768w\" sizes=\"auto, (max-width: 1000px) 100vw, 1000px\" \/><\/figure>\n<\/div><\/div>\n<\/div>\n","protected":false},"excerpt":{"rendered":"<p>Los monitores LCD ProLite de iiyama, t\u00e1ctiles, sin marco e integrables, son tan discretos que destacan. Gracias a su elegante dise\u00f1o sin marco, los monitores t\u00e1ctiles integrables de la serie<\/p>\n","protected":false},"author":17,"featured_media":39580,"comment_status":"closed","ping_status":"closed","sticky":false,"template":"","format":"standard","meta":{"footnotes":""},"categories":[103],"tags":[],"class_list":["post-39598","post","type-post","status-publish","format-standard","has-post-thumbnail","hentry","category-tecnologias-tactiles"],"yoast_head":"<!-- This site is optimized with the Yoast SEO plugin v27.4 - https:\/\/yoast.com\/product\/yoast-seo-wordpress\/ -->\n<title>Los LCD ProLite, discretamente llamativos - Jarltech.blog<\/title>\n<meta name=\"robots\" content=\"index, follow, max-snippet:-1, max-image-preview:large, max-video-preview:-1\" \/>\n<link rel=\"canonical\" href=\"https:\/\/jarltech.blog\/es\/tecnologias-tactiles\/los-lcd-prolite-discretamente-llamativos\" \/>\n<meta name=\"twitter:card\" content=\"summary_large_image\" \/>\n<meta name=\"twitter:title\" content=\"Los LCD ProLite, discretamente llamativos - Jarltech.blog\" \/>\n<meta name=\"twitter:description\" content=\"Los monitores LCD ProLite de iiyama, t\u00e1ctiles, sin marco e integrables, son tan discretos que destacan. Gracias a su elegante dise\u00f1o sin marco, los monitores t\u00e1ctiles integrables de la serie\" \/>\n<meta name=\"twitter:image\" content=\"https:\/\/jarltech.blog\/a\/wp-content\/uploads\/2024\/02\/02_foto_4K.png\" \/>\n<meta name=\"twitter:creator\" content=\"@jarltech\" \/>\n<meta name=\"twitter:site\" content=\"@jarltech\" \/>\n<meta name=\"twitter:label1\" content=\"Written by\" \/>\n\t<meta name=\"twitter:data1\" content=\"Sarah Richard\" \/>\n\t<meta name=\"twitter:label2\" content=\"Est. reading time\" \/>\n\t<meta name=\"twitter:data2\" content=\"4 minutes\" \/>\n<script type=\"application\/ld+json\" class=\"yoast-schema-graph\">{\"@context\":\"https:\\\/\\\/schema.org\",\"@graph\":[{\"@type\":\"Article\",\"@id\":\"https:\\\/\\\/jarltech.blog\\\/es\\\/tecnologias-tactiles\\\/los-lcd-prolite-discretamente-llamativos#article\",\"isPartOf\":{\"@id\":\"https:\\\/\\\/jarltech.blog\\\/es\\\/tecnologias-tactiles\\\/los-lcd-prolite-discretamente-llamativos\"},\"author\":{\"name\":\"Sarah Richard\",\"@id\":\"https:\\\/\\\/jarltech.blog\\\/#\\\/schema\\\/person\\\/50d89506c80af54b6d13083f30cdaa85\"},\"headline\":\"Los LCD ProLite, discretamente llamativos\",\"datePublished\":\"2024-02-14T10:54:07+00:00\",\"dateModified\":\"2024-02-14T10:54:08+00:00\",\"mainEntityOfPage\":{\"@id\":\"https:\\\/\\\/jarltech.blog\\\/es\\\/tecnologias-tactiles\\\/los-lcd-prolite-discretamente-llamativos\"},\"wordCount\":479,\"image\":{\"@id\":\"https:\\\/\\\/jarltech.blog\\\/es\\\/tecnologias-tactiles\\\/los-lcd-prolite-discretamente-llamativos#primaryimage\"},\"thumbnailUrl\":\"https:\\\/\\\/jarltech.blog\\\/a\\\/wp-content\\\/uploads\\\/2024\\\/02\\\/02_foto_4K.png\",\"articleSection\":[\"Tecnolog\u00edas t\u00e1ctiles\"],\"inLanguage\":\"es-ES\"},{\"@type\":\"WebPage\",\"@id\":\"https:\\\/\\\/jarltech.blog\\\/es\\\/tecnologias-tactiles\\\/los-lcd-prolite-discretamente-llamativos\",\"url\":\"https:\\\/\\\/jarltech.blog\\\/es\\\/tecnologias-tactiles\\\/los-lcd-prolite-discretamente-llamativos\",\"name\":\"Los LCD ProLite, discretamente llamativos - Jarltech.blog\",\"isPartOf\":{\"@id\":\"https:\\\/\\\/jarltech.blog\\\/#website\"},\"primaryImageOfPage\":{\"@id\":\"https:\\\/\\\/jarltech.blog\\\/es\\\/tecnologias-tactiles\\\/los-lcd-prolite-discretamente-llamativos#primaryimage\"},\"image\":{\"@id\":\"https:\\\/\\\/jarltech.blog\\\/es\\\/tecnologias-tactiles\\\/los-lcd-prolite-discretamente-llamativos#primaryimage\"},\"thumbnailUrl\":\"https:\\\/\\\/jarltech.blog\\\/a\\\/wp-content\\\/uploads\\\/2024\\\/02\\\/02_foto_4K.png\",\"datePublished\":\"2024-02-14T10:54:07+00:00\",\"dateModified\":\"2024-02-14T10:54:08+00:00\",\"author\":{\"@id\":\"https:\\\/\\\/jarltech.blog\\\/#\\\/schema\\\/person\\\/50d89506c80af54b6d13083f30cdaa85\"},\"breadcrumb\":{\"@id\":\"https:\\\/\\\/jarltech.blog\\\/es\\\/tecnologias-tactiles\\\/los-lcd-prolite-discretamente-llamativos#breadcrumb\"},\"inLanguage\":\"es-ES\",\"potentialAction\":[{\"@type\":\"ReadAction\",\"target\":[\"https:\\\/\\\/jarltech.blog\\\/es\\\/tecnologias-tactiles\\\/los-lcd-prolite-discretamente-llamativos\"]}]},{\"@type\":\"ImageObject\",\"inLanguage\":\"es-ES\",\"@id\":\"https:\\\/\\\/jarltech.blog\\\/es\\\/tecnologias-tactiles\\\/los-lcd-prolite-discretamente-llamativos#primaryimage\",\"url\":\"https:\\\/\\\/jarltech.blog\\\/a\\\/wp-content\\\/uploads\\\/2024\\\/02\\\/02_foto_4K.png\",\"contentUrl\":\"https:\\\/\\\/jarltech.blog\\\/a\\\/wp-content\\\/uploads\\\/2024\\\/02\\\/02_foto_4K.png\",\"width\":1200,\"height\":545},{\"@type\":\"BreadcrumbList\",\"@id\":\"https:\\\/\\\/jarltech.blog\\\/es\\\/tecnologias-tactiles\\\/los-lcd-prolite-discretamente-llamativos#breadcrumb\",\"itemListElement\":[{\"@type\":\"ListItem\",\"position\":1,\"name\":\"Startseite\",\"item\":\"https:\\\/\\\/jarltech.blog\\\/es\"},{\"@type\":\"ListItem\",\"position\":2,\"name\":\"Los LCD ProLite, discretamente llamativos\"}]},{\"@type\":\"WebSite\",\"@id\":\"https:\\\/\\\/jarltech.blog\\\/#website\",\"url\":\"https:\\\/\\\/jarltech.blog\\\/\",\"name\":\"Jarltech.blog\",\"description\":\"\",\"potentialAction\":[{\"@type\":\"SearchAction\",\"target\":{\"@type\":\"EntryPoint\",\"urlTemplate\":\"https:\\\/\\\/jarltech.blog\\\/?s={search_term_string}\"},\"query-input\":{\"@type\":\"PropertyValueSpecification\",\"valueRequired\":true,\"valueName\":\"search_term_string\"}}],\"inLanguage\":\"es-ES\"},{\"@type\":\"Person\",\"@id\":\"https:\\\/\\\/jarltech.blog\\\/#\\\/schema\\\/person\\\/50d89506c80af54b6d13083f30cdaa85\",\"name\":\"Sarah Richard\"}]}<\/script>\n<!-- \/ Yoast SEO plugin. -->","yoast_head_json":{"title":"Los LCD ProLite, discretamente llamativos - Jarltech.blog","robots":{"index":"index","follow":"follow","max-snippet":"max-snippet:-1","max-image-preview":"max-image-preview:large","max-video-preview":"max-video-preview:-1"},"canonical":"https:\/\/jarltech.blog\/es\/tecnologias-tactiles\/los-lcd-prolite-discretamente-llamativos","twitter_card":"summary_large_image","twitter_title":"Los LCD ProLite, discretamente llamativos - Jarltech.blog","twitter_description":"Los monitores LCD ProLite de iiyama, t\u00e1ctiles, sin marco e integrables, son tan discretos que destacan. Gracias a su elegante dise\u00f1o sin marco, los monitores t\u00e1ctiles integrables de la serie","twitter_image":"https:\/\/jarltech.blog\/a\/wp-content\/uploads\/2024\/02\/02_foto_4K.png","twitter_creator":"@jarltech","twitter_site":"@jarltech","twitter_misc":{"Written by":"Sarah Richard","Est. reading time":"4 minutes"},"schema":{"@context":"https:\/\/schema.org","@graph":[{"@type":"Article","@id":"https:\/\/jarltech.blog\/es\/tecnologias-tactiles\/los-lcd-prolite-discretamente-llamativos#article","isPartOf":{"@id":"https:\/\/jarltech.blog\/es\/tecnologias-tactiles\/los-lcd-prolite-discretamente-llamativos"},"author":{"name":"Sarah Richard","@id":"https:\/\/jarltech.blog\/#\/schema\/person\/50d89506c80af54b6d13083f30cdaa85"},"headline":"Los LCD ProLite, discretamente llamativos","datePublished":"2024-02-14T10:54:07+00:00","dateModified":"2024-02-14T10:54:08+00:00","mainEntityOfPage":{"@id":"https:\/\/jarltech.blog\/es\/tecnologias-tactiles\/los-lcd-prolite-discretamente-llamativos"},"wordCount":479,"image":{"@id":"https:\/\/jarltech.blog\/es\/tecnologias-tactiles\/los-lcd-prolite-discretamente-llamativos#primaryimage"},"thumbnailUrl":"https:\/\/jarltech.blog\/a\/wp-content\/uploads\/2024\/02\/02_foto_4K.png","articleSection":["Tecnolog\u00edas t\u00e1ctiles"],"inLanguage":"es-ES"},{"@type":"WebPage","@id":"https:\/\/jarltech.blog\/es\/tecnologias-tactiles\/los-lcd-prolite-discretamente-llamativos","url":"https:\/\/jarltech.blog\/es\/tecnologias-tactiles\/los-lcd-prolite-discretamente-llamativos","name":"Los LCD ProLite, discretamente llamativos - Jarltech.blog","isPartOf":{"@id":"https:\/\/jarltech.blog\/#website"},"primaryImageOfPage":{"@id":"https:\/\/jarltech.blog\/es\/tecnologias-tactiles\/los-lcd-prolite-discretamente-llamativos#primaryimage"},"image":{"@id":"https:\/\/jarltech.blog\/es\/tecnologias-tactiles\/los-lcd-prolite-discretamente-llamativos#primaryimage"},"thumbnailUrl":"https:\/\/jarltech.blog\/a\/wp-content\/uploads\/2024\/02\/02_foto_4K.png","datePublished":"2024-02-14T10:54:07+00:00","dateModified":"2024-02-14T10:54:08+00:00","author":{"@id":"https:\/\/jarltech.blog\/#\/schema\/person\/50d89506c80af54b6d13083f30cdaa85"},"breadcrumb":{"@id":"https:\/\/jarltech.blog\/es\/tecnologias-tactiles\/los-lcd-prolite-discretamente-llamativos#breadcrumb"},"inLanguage":"es-ES","potentialAction":[{"@type":"ReadAction","target":["https:\/\/jarltech.blog\/es\/tecnologias-tactiles\/los-lcd-prolite-discretamente-llamativos"]}]},{"@type":"ImageObject","inLanguage":"es-ES","@id":"https:\/\/jarltech.blog\/es\/tecnologias-tactiles\/los-lcd-prolite-discretamente-llamativos#primaryimage","url":"https:\/\/jarltech.blog\/a\/wp-content\/uploads\/2024\/02\/02_foto_4K.png","contentUrl":"https:\/\/jarltech.blog\/a\/wp-content\/uploads\/2024\/02\/02_foto_4K.png","width":1200,"height":545},{"@type":"BreadcrumbList","@id":"https:\/\/jarltech.blog\/es\/tecnologias-tactiles\/los-lcd-prolite-discretamente-llamativos#breadcrumb","itemListElement":[{"@type":"ListItem","position":1,"name":"Startseite","item":"https:\/\/jarltech.blog\/es"},{"@type":"ListItem","position":2,"name":"Los LCD ProLite, discretamente llamativos"}]},{"@type":"WebSite","@id":"https:\/\/jarltech.blog\/#website","url":"https:\/\/jarltech.blog\/","name":"Jarltech.blog","description":"","potentialAction":[{"@type":"SearchAction","target":{"@type":"EntryPoint","urlTemplate":"https:\/\/jarltech.blog\/?s={search_term_string}"},"query-input":{"@type":"PropertyValueSpecification","valueRequired":true,"valueName":"search_term_string"}}],"inLanguage":"es-ES"},{"@type":"Person","@id":"https:\/\/jarltech.blog\/#\/schema\/person\/50d89506c80af54b6d13083f30cdaa85","name":"Sarah Richard"}]}},"_links":{"self":[{"href":"https:\/\/jarltech.blog\/es\/wp-json\/wp\/v2\/posts\/39598","targetHints":{"allow":["GET"]}}],"collection":[{"href":"https:\/\/jarltech.blog\/es\/wp-json\/wp\/v2\/posts"}],"about":[{"href":"https:\/\/jarltech.blog\/es\/wp-json\/wp\/v2\/types\/post"}],"author":[{"embeddable":true,"href":"https:\/\/jarltech.blog\/es\/wp-json\/wp\/v2\/users\/17"}],"replies":[{"embeddable":true,"href":"https:\/\/jarltech.blog\/es\/wp-json\/wp\/v2\/comments?post=39598"}],"version-history":[{"count":1,"href":"https:\/\/jarltech.blog\/es\/wp-json\/wp\/v2\/posts\/39598\/revisions"}],"predecessor-version":[{"id":39599,"href":"https:\/\/jarltech.blog\/es\/wp-json\/wp\/v2\/posts\/39598\/revisions\/39599"}],"wp:featuredmedia":[{"embeddable":true,"href":"https:\/\/jarltech.blog\/es\/wp-json\/wp\/v2\/media\/39580"}],"wp:attachment":[{"href":"https:\/\/jarltech.blog\/es\/wp-json\/wp\/v2\/media?parent=39598"}],"wp:term":[{"taxonomy":"category","embeddable":true,"href":"https:\/\/jarltech.blog\/es\/wp-json\/wp\/v2\/categories?post=39598"},{"taxonomy":"post_tag","embeddable":true,"href":"https:\/\/jarltech.blog\/es\/wp-json\/wp\/v2\/tags?post=39598"}],"curies":[{"name":"wp","href":"https:\/\/api.w.org\/{rel}","templated":true}]}}