{"id":21290,"date":"2022-08-12T10:18:27","date_gmt":"2022-08-12T08:18:27","guid":{"rendered":"https:\/\/jarltech.blog\/?p=21290"},"modified":"2022-08-12T10:18:28","modified_gmt":"2022-08-12T08:18:28","slug":"la-entrevista-de-la-impresora-industrial-de-etiquetas","status":"publish","type":"post","link":"https:\/\/jarltech.blog\/es\/drucksysteme\/la-entrevista-de-la-impresora-industrial-de-etiquetas","title":{"rendered":"La entrevista de la impresora industrial de etiquetas"},"content":{"rendered":"\n<h2 class=\"wp-block-heading\"><strong>Entrevistamos a la ZT231 y la ZT111 de Zebra. Son las nuevas estrellas en el firmamento de la impresi\u00f3n de etiquetas, \u00a1y nos deslumbran con sus funciones inteligentes y su gran rendimiento a un precio muy razonable!<\/strong><\/h2>\n\n\n\n<p class=\"caps\">Nuestra primera impresi\u00f3n de la ZT231 y la ZT111: \u00a1Irradian energ\u00eda y agradan de veras! Tienen un trato muy f\u00e1cil, son vers\u00e1tiles y muy pr\u00e1cticas. Pero l\u00e9alo usted mismo:<\/p>\n\n\n\n<div style=\"height:30px\" aria-hidden=\"true\" class=\"wp-block-spacer\"><\/div>\n\n\n\n<h3 class=\"wp-block-heading\"><strong>JT: Bienvenidas, queridas ZT231 y ZT111. Al parecer, \u00a1la industria, el comercio minorista, el almac\u00e9n, el sector log\u00edstico y la atenci\u00f3n sanitaria estaban esperando por ustedes! \u00bfC\u00f3mo explican su \u00e9xito?<\/strong><\/h3>\n\n\n\n<p><strong>ZT231<\/strong>: Es muy sencillo: la gente quiere impresoras de etiquetas asequibles que demuestren sus dotes de impresi\u00f3n y su gran rendimiento durante todo el d\u00eda. Continuamente. \u00a1Y eso es lo que hacemos!<\/p>\n\n\n\n<p><strong>ZT111<\/strong>: Efectivamente, as\u00ed es. Adem\u00e1s, somos muy r\u00e1pidas y econ\u00f3micas. \u00a1A la gente le encanta esto! En comparaci\u00f3n con la anterior ZT220 de Zebra, la ZT231 es un 100% m\u00e1s r\u00e1pida; y yo un 66%. \u00a1Esto ahorra mucho tiempo a los trabajadores y dispara el rendimiento empresarial!<\/p>\n\n\n\n<div style=\"height:30px\" aria-hidden=\"true\" class=\"wp-block-spacer\"><\/div>\n\n\n\n<h3 class=\"wp-block-heading\"><strong>JT: \u00bfCu\u00e1les son sus principales caracter\u00edsticas? \u00bfZT231?<\/strong><\/h3>\n\n\n\n<p><strong>ZT231<\/strong>: Tengo una pantalla en color de 4,3&#8243; f\u00e1cil de usar y 3 indicadores LED en color que muestran a todo el mundo la informaci\u00f3n m\u00e1s importante sobre m\u00ed. Hablo los principales lenguajes de impresora, me integro sin esfuerzo y soy retrocompatible con los accesorios preexistentes. Soy f\u00e1cil de configurar y personalizar a trav\u00e9s de Zebra Print DNA. Mi cubierta de doble bisagra me permite ocupar menos espacio en el \u00e1rea superior. Mi rodillo de impresi\u00f3n y mi cabezal de impresi\u00f3n se pueden extraer sin necesidad de herramientas. Si usted lo desea, tambi\u00e9n podr\u00eda ofrecer impresi\u00f3n y codificaci\u00f3n UHF RFID y un aplicador.<\/p>\n\n\n\n<div style=\"height:30px\" aria-hidden=\"true\" class=\"wp-block-spacer\"><\/div>\n\n\n\n<h3 class=\"wp-block-heading\"><strong>JT: \u00a1Eso suena realmente estupendo! ZT111, ya sabemos mucho m\u00e1s sobre la ZT231. \u00bfQu\u00e9 ases guarda usted en la manga?<\/strong><\/h3>\n\n\n\n<p><strong>ZT111: <\/strong>Soy la impresora industrial m\u00e1s econ\u00f3mica de toda la historia de Zebra y me controlan por medio de tres botones. Cinco indicadores LED muestran mi estado. Mi equipamiento es pr\u00e1cticamente id\u00e9ntico al de la ZT231: mis 256 MB de SDRAM y mis 256 MB de memoria <em>flash<\/em> me aseguran un gran rendimiento en mi sensacional <em>show<\/em> de impresi\u00f3n diario, en el que, por cierto, utilizo h\u00e1bilmente un accesorio despegador y cortador. Tambi\u00e9n cuento con numerosas interfaces: USB 2.0, serie, Ethernet, BTLE, USB servidor. Esto es muy pr\u00e1ctico: a trav\u00e9s de BLE, la ZT231 y yo nos conectamos r\u00e1pidamente a dispositivos m\u00f3viles. Opcionalmente, tambi\u00e9n nos encontramos disponibles con una segunda Ethernet y 802.11ac+BT.<\/p>\n\n\n\n<div style=\"height:30px\" aria-hidden=\"true\" class=\"wp-block-spacer\"><\/div>\n\n\n\n<h3 class=\"wp-block-heading\"><strong>JT: \u00a1Eso suena igualmente sensacional! \u00bfTiene algo que quiera compartir con nuestros lectores?<\/strong><\/h3>\n\n\n\n<p><strong>ZT231: <\/strong>Ofrezca a sus clientes el paquete completo: a nosotras, las impresoras de Zebra, junto con los consumibles originales de Zebra. \u00a1Merece la pena!<\/p>\n\n\n\n<div style=\"height:30px\" aria-hidden=\"true\" class=\"wp-block-spacer\"><\/div>\n\n\n\n<h3 class=\"wp-block-heading\"><strong>JT: Sin duda, un excelente consejo para nuestros lectores, \u00a1muchas gracias! Por \u00faltimo, \u00bfc\u00f3mo describir\u00eda su actuaci\u00f3n en una frase?<\/strong><\/h3>\n\n\n\n<p><strong>ZT231 y ZT111 (al un\u00edsono): Por un m\u00f3dico precio, \u00a1ofrecemos a todo el mundo un gran espect\u00e1culo de impresi\u00f3n de etiquetas!<\/strong><\/p>\n\n\n\n<div style=\"height:30px\" aria-hidden=\"true\" class=\"wp-block-spacer\"><\/div>\n\n\n\n<div class=\"wp-block-media-text alignwide has-media-on-the-right is-stacked-on-mobile has-background\" style=\"background-color:#f1f1f1;grid-template-columns:auto 49%\"><figure class=\"wp-block-media-text__media\"><img loading=\"lazy\" decoding=\"async\" width=\"600\" height=\"600\" src=\"https:\/\/jarltech.blog\/a\/wp-content\/uploads\/2022\/08\/ZEB_ZT111_left_220627_news.png\" alt=\"\" class=\"wp-image-21244 size-full\" srcset=\"https:\/\/jarltech.blog\/a\/wp-content\/uploads\/2022\/08\/ZEB_ZT111_left_220627_news.png 600w, https:\/\/jarltech.blog\/a\/wp-content\/uploads\/2022\/08\/ZEB_ZT111_left_220627_news-300x300.png 300w, https:\/\/jarltech.blog\/a\/wp-content\/uploads\/2022\/08\/ZEB_ZT111_left_220627_news-150x150.png 150w\" sizes=\"auto, (max-width: 600px) 100vw, 600px\" \/><\/figure><div class=\"wp-block-media-text__content\">\n\n<div style=\"height:20px\" aria-hidden=\"true\" class=\"wp-block-spacer\"><\/div>\n\n\n<h4 class=\"has-text-color wp-block-heading\" style=\"color:#0092d4\"><strong><strong>ZT111<\/strong><\/strong><\/h4>\n\n\n<ul class=\"wp-block-list\"><li>Impresora de etiquetas con 3 teclas de control<\/li><li>Calidad de impresi\u00f3n: 203 ppp; opcionalmente: 300 ppp<\/li><li>5 indicadores de estado LED, pelador, cortador<\/li><li>USB 2.0, serie, Ethernet, BTLE, USB servidor, opcionalmente: 2\u00aa Ethernet, 802.11ac+BT<\/li><li>Link-OS Basic, compatible con Zebra Print DNA Basic<\/li><\/ul>\n\n\n<div style=\"height:20px\" aria-hidden=\"true\" class=\"wp-block-spacer\"><\/div>\n\n\n<div class=\"wp-block-buttons is-layout-flex wp-block-buttons-is-layout-flex\">\n\n<div class=\"wp-block-button\"><a class=\"wp-block-button__link has-background\" href=\"https:\/\/www.jarltech.com\/2007\/artikel.php?language=es&amp;sort=hersteller&amp;kat_id=Zebra&amp;gotoartikel=zebra_zt111\" style=\"background-color:#0092d4\" target=\"_blank\" rel=\"noreferrer noopener\">M\u00e1s informaci\u00f3n<\/a><\/div>\n\n<\/div>\n\n\n<div style=\"height:25px\" aria-hidden=\"true\" class=\"wp-block-spacer\"><\/div>\n\n<\/div><\/div>\n\n\n\n<div class=\"wp-block-media-text alignwide has-media-on-the-right is-stacked-on-mobile has-background\" style=\"background-color:#f1f1f1;grid-template-columns:auto 49%\"><figure class=\"wp-block-media-text__media\"><img loading=\"lazy\" decoding=\"async\" width=\"600\" height=\"600\" src=\"https:\/\/jarltech.blog\/a\/wp-content\/uploads\/2022\/08\/ZEB_ZT231_label_right.png\" alt=\"\" class=\"wp-image-21249 size-full\" srcset=\"https:\/\/jarltech.blog\/a\/wp-content\/uploads\/2022\/08\/ZEB_ZT231_label_right.png 600w, https:\/\/jarltech.blog\/a\/wp-content\/uploads\/2022\/08\/ZEB_ZT231_label_right-300x300.png 300w, https:\/\/jarltech.blog\/a\/wp-content\/uploads\/2022\/08\/ZEB_ZT231_label_right-150x150.png 150w\" sizes=\"auto, (max-width: 600px) 100vw, 600px\" \/><\/figure><div class=\"wp-block-media-text__content\">\n\n<div style=\"height:20px\" aria-hidden=\"true\" class=\"wp-block-spacer\"><\/div>\n\n\n<h4 class=\"has-text-color wp-block-heading\" style=\"color:#0092d4\"><strong><strong><strong>ZT231<\/strong><\/strong><\/strong><\/h4>\n\n\n<ul class=\"wp-block-list\"><li>Impresora de etiquetas con pantalla en color de 4,3&#8243;<\/li><li>Calidad de impresi\u00f3n de 203 ppp; opcionalmente: 300 ppp<\/li><li>3 indicadores de estado LED, pelador, cortador; opcionalmente: RFID<\/li><li>USB 2.0, serie, Ethernet, BTLE, USB servidor; opcionalmente: 2\u00aa Ethernet, 802.11ac+BT, aplicador<\/li><li>Link OS, compatible con Zebra Print DNA<\/li><\/ul>\n\n\n<div style=\"height:20px\" aria-hidden=\"true\" class=\"wp-block-spacer\"><\/div>\n\n\n<div class=\"wp-block-buttons is-layout-flex wp-block-buttons-is-layout-flex\">\n\n<div class=\"wp-block-button\"><a class=\"wp-block-button__link has-background\" href=\"https:\/\/www.jarltech.com\/2007\/artikel.php?language=es&amp;sort=hersteller&amp;kat_id=Zebra&amp;gotoartikel=zebra_zt200\" style=\"background-color:#0092d4\" target=\"_blank\" rel=\"noreferrer noopener\">M\u00e1s informaci\u00f3n<\/a><\/div>\n\n<\/div>\n\n\n<div style=\"height:25px\" aria-hidden=\"true\" class=\"wp-block-spacer\"><\/div>\n\n<\/div><\/div>\n\n\n\n<div style=\"height:30px\" aria-hidden=\"true\" class=\"wp-block-spacer\"><\/div>\n\n\n\n<div class=\"wp-block-columns is-layout-flex wp-container-core-columns-is-layout-9d6595d7 wp-block-columns-is-layout-flex\">\n<div class=\"wp-block-column is-layout-flow wp-block-column-is-layout-flow\" style=\"flex-basis:66.66%\">\n<p><strong>Presente a nuestras nuevas candidatas <em>top<\/em> de Zebra, la ZT231 y la ZT111, a aquellos de sus clientes que cuentan con un reducido presupuesto y elevadas exigencias en impresi\u00f3n de etiquetas. \u00a1Enc\u00e1rgueselas ahora a su representante comercial!<\/strong><\/p>\n<\/div>\n\n\n\n<div class=\"wp-block-column is-layout-flow wp-block-column-is-layout-flow\" style=\"flex-basis:33.33%\">\n<figure class=\"wp-block-image size-large\"><img loading=\"lazy\" decoding=\"async\" width=\"1024\" height=\"663\" src=\"https:\/\/jarltech.blog\/a\/wp-content\/uploads\/2020\/10\/Zebra_Logo_K_xl-3-1024x663.png\" alt=\"\" class=\"wp-image-9332\" srcset=\"https:\/\/jarltech.blog\/a\/wp-content\/uploads\/2020\/10\/Zebra_Logo_K_xl-3-1024x663.png 1024w, https:\/\/jarltech.blog\/a\/wp-content\/uploads\/2020\/10\/Zebra_Logo_K_xl-3-300x194.png 300w, https:\/\/jarltech.blog\/a\/wp-content\/uploads\/2020\/10\/Zebra_Logo_K_xl-3-768x497.png 768w, https:\/\/jarltech.blog\/a\/wp-content\/uploads\/2020\/10\/Zebra_Logo_K_xl-3.png 1224w\" sizes=\"auto, (max-width: 1024px) 100vw, 1024px\" \/><\/figure>\n<\/div>\n<\/div>\n","protected":false},"excerpt":{"rendered":"<p>Entrevistamos a la ZT231 y la ZT111 de Zebra. Son las nuevas estrellas en el firmamento de la impresi\u00f3n de etiquetas, \u00a1y nos deslumbran con sus funciones inteligentes y su<\/p>\n","protected":false},"author":17,"featured_media":21405,"comment_status":"closed","ping_status":"closed","sticky":false,"template":"","format":"standard","meta":{"footnotes":""},"categories":[32,98],"tags":[],"class_list":["post-21290","post","type-post","status-publish","format-standard","has-post-thumbnail","hentry","category-drucksysteme","category-sistemas-de-impresion"],"yoast_head":"<!-- This site is optimized with the Yoast SEO plugin v27.5 - https:\/\/yoast.com\/product\/yoast-seo-wordpress\/ -->\n<title>La entrevista de la impresora industrial de etiquetas - Jarltech.blog<\/title>\n<meta name=\"robots\" content=\"index, follow, max-snippet:-1, max-image-preview:large, max-video-preview:-1\" \/>\n<link rel=\"canonical\" href=\"https:\/\/jarltech.blog\/es\/drucksysteme\/la-entrevista-de-la-impresora-industrial-de-etiquetas\" \/>\n<meta name=\"twitter:card\" content=\"summary_large_image\" \/>\n<meta name=\"twitter:title\" content=\"La entrevista de la impresora industrial de etiquetas - Jarltech.blog\" \/>\n<meta name=\"twitter:description\" content=\"Entrevistamos a la ZT231 y la ZT111 de Zebra. Son las nuevas estrellas en el firmamento de la impresi\u00f3n de etiquetas, \u00a1y nos deslumbran con sus funciones inteligentes y su\" \/>\n<meta name=\"twitter:image\" content=\"https:\/\/jarltech.blog\/a\/wp-content\/uploads\/2022\/08\/Podest-2-Kandidaten_ES_Buehne_stuhl.png\" \/>\n<meta name=\"twitter:creator\" content=\"@jarltech\" \/>\n<meta name=\"twitter:site\" content=\"@jarltech\" \/>\n<meta name=\"twitter:label1\" content=\"Written by\" \/>\n\t<meta name=\"twitter:data1\" content=\"Sarah Richard\" \/>\n\t<meta name=\"twitter:label2\" content=\"Est. reading time\" \/>\n\t<meta name=\"twitter:data2\" content=\"5 minutes\" \/>\n<script type=\"application\/ld+json\" class=\"yoast-schema-graph\">{\"@context\":\"https:\\\/\\\/schema.org\",\"@graph\":[{\"@type\":\"Article\",\"@id\":\"https:\\\/\\\/jarltech.blog\\\/es\\\/drucksysteme\\\/la-entrevista-de-la-impresora-industrial-de-etiquetas#article\",\"isPartOf\":{\"@id\":\"https:\\\/\\\/jarltech.blog\\\/es\\\/drucksysteme\\\/la-entrevista-de-la-impresora-industrial-de-etiquetas\"},\"author\":{\"name\":\"Sarah Richard\",\"@id\":\"https:\\\/\\\/jarltech.blog\\\/#\\\/schema\\\/person\\\/50d89506c80af54b6d13083f30cdaa85\"},\"headline\":\"La entrevista de la impresora industrial de etiquetas\",\"datePublished\":\"2022-08-12T08:18:27+00:00\",\"dateModified\":\"2022-08-12T08:18:28+00:00\",\"mainEntityOfPage\":{\"@id\":\"https:\\\/\\\/jarltech.blog\\\/es\\\/drucksysteme\\\/la-entrevista-de-la-impresora-industrial-de-etiquetas\"},\"wordCount\":679,\"image\":{\"@id\":\"https:\\\/\\\/jarltech.blog\\\/es\\\/drucksysteme\\\/la-entrevista-de-la-impresora-industrial-de-etiquetas#primaryimage\"},\"thumbnailUrl\":\"https:\\\/\\\/jarltech.blog\\\/a\\\/wp-content\\\/uploads\\\/2022\\\/08\\\/Podest-2-Kandidaten_ES_Buehne_stuhl.png\",\"articleSection\":[\"Drucksysteme\",\"Sistemas de impresi\u00f3n\"],\"inLanguage\":\"es-ES\"},{\"@type\":\"WebPage\",\"@id\":\"https:\\\/\\\/jarltech.blog\\\/es\\\/drucksysteme\\\/la-entrevista-de-la-impresora-industrial-de-etiquetas\",\"url\":\"https:\\\/\\\/jarltech.blog\\\/es\\\/drucksysteme\\\/la-entrevista-de-la-impresora-industrial-de-etiquetas\",\"name\":\"La entrevista de la impresora industrial de etiquetas - Jarltech.blog\",\"isPartOf\":{\"@id\":\"https:\\\/\\\/jarltech.blog\\\/#website\"},\"primaryImageOfPage\":{\"@id\":\"https:\\\/\\\/jarltech.blog\\\/es\\\/drucksysteme\\\/la-entrevista-de-la-impresora-industrial-de-etiquetas#primaryimage\"},\"image\":{\"@id\":\"https:\\\/\\\/jarltech.blog\\\/es\\\/drucksysteme\\\/la-entrevista-de-la-impresora-industrial-de-etiquetas#primaryimage\"},\"thumbnailUrl\":\"https:\\\/\\\/jarltech.blog\\\/a\\\/wp-content\\\/uploads\\\/2022\\\/08\\\/Podest-2-Kandidaten_ES_Buehne_stuhl.png\",\"datePublished\":\"2022-08-12T08:18:27+00:00\",\"dateModified\":\"2022-08-12T08:18:28+00:00\",\"author\":{\"@id\":\"https:\\\/\\\/jarltech.blog\\\/#\\\/schema\\\/person\\\/50d89506c80af54b6d13083f30cdaa85\"},\"breadcrumb\":{\"@id\":\"https:\\\/\\\/jarltech.blog\\\/es\\\/drucksysteme\\\/la-entrevista-de-la-impresora-industrial-de-etiquetas#breadcrumb\"},\"inLanguage\":\"es-ES\",\"potentialAction\":[{\"@type\":\"ReadAction\",\"target\":[\"https:\\\/\\\/jarltech.blog\\\/es\\\/drucksysteme\\\/la-entrevista-de-la-impresora-industrial-de-etiquetas\"]}]},{\"@type\":\"ImageObject\",\"inLanguage\":\"es-ES\",\"@id\":\"https:\\\/\\\/jarltech.blog\\\/es\\\/drucksysteme\\\/la-entrevista-de-la-impresora-industrial-de-etiquetas#primaryimage\",\"url\":\"https:\\\/\\\/jarltech.blog\\\/a\\\/wp-content\\\/uploads\\\/2022\\\/08\\\/Podest-2-Kandidaten_ES_Buehne_stuhl.png\",\"contentUrl\":\"https:\\\/\\\/jarltech.blog\\\/a\\\/wp-content\\\/uploads\\\/2022\\\/08\\\/Podest-2-Kandidaten_ES_Buehne_stuhl.png\",\"width\":1920,\"height\":714},{\"@type\":\"BreadcrumbList\",\"@id\":\"https:\\\/\\\/jarltech.blog\\\/es\\\/drucksysteme\\\/la-entrevista-de-la-impresora-industrial-de-etiquetas#breadcrumb\",\"itemListElement\":[{\"@type\":\"ListItem\",\"position\":1,\"name\":\"Startseite\",\"item\":\"https:\\\/\\\/jarltech.blog\\\/es\"},{\"@type\":\"ListItem\",\"position\":2,\"name\":\"La entrevista de la impresora industrial de etiquetas\"}]},{\"@type\":\"WebSite\",\"@id\":\"https:\\\/\\\/jarltech.blog\\\/#website\",\"url\":\"https:\\\/\\\/jarltech.blog\\\/\",\"name\":\"Jarltech.blog\",\"description\":\"\",\"potentialAction\":[{\"@type\":\"SearchAction\",\"target\":{\"@type\":\"EntryPoint\",\"urlTemplate\":\"https:\\\/\\\/jarltech.blog\\\/?s={search_term_string}\"},\"query-input\":{\"@type\":\"PropertyValueSpecification\",\"valueRequired\":true,\"valueName\":\"search_term_string\"}}],\"inLanguage\":\"es-ES\"},{\"@type\":\"Person\",\"@id\":\"https:\\\/\\\/jarltech.blog\\\/#\\\/schema\\\/person\\\/50d89506c80af54b6d13083f30cdaa85\",\"name\":\"Sarah Richard\"}]}<\/script>\n<!-- \/ Yoast SEO plugin. -->","yoast_head_json":{"title":"La entrevista de la impresora industrial de etiquetas - Jarltech.blog","robots":{"index":"index","follow":"follow","max-snippet":"max-snippet:-1","max-image-preview":"max-image-preview:large","max-video-preview":"max-video-preview:-1"},"canonical":"https:\/\/jarltech.blog\/es\/drucksysteme\/la-entrevista-de-la-impresora-industrial-de-etiquetas","twitter_card":"summary_large_image","twitter_title":"La entrevista de la impresora industrial de etiquetas - Jarltech.blog","twitter_description":"Entrevistamos a la ZT231 y la ZT111 de Zebra. Son las nuevas estrellas en el firmamento de la impresi\u00f3n de etiquetas, \u00a1y nos deslumbran con sus funciones inteligentes y su","twitter_image":"https:\/\/jarltech.blog\/a\/wp-content\/uploads\/2022\/08\/Podest-2-Kandidaten_ES_Buehne_stuhl.png","twitter_creator":"@jarltech","twitter_site":"@jarltech","twitter_misc":{"Written by":"Sarah Richard","Est. reading time":"5 minutes"},"schema":{"@context":"https:\/\/schema.org","@graph":[{"@type":"Article","@id":"https:\/\/jarltech.blog\/es\/drucksysteme\/la-entrevista-de-la-impresora-industrial-de-etiquetas#article","isPartOf":{"@id":"https:\/\/jarltech.blog\/es\/drucksysteme\/la-entrevista-de-la-impresora-industrial-de-etiquetas"},"author":{"name":"Sarah Richard","@id":"https:\/\/jarltech.blog\/#\/schema\/person\/50d89506c80af54b6d13083f30cdaa85"},"headline":"La entrevista de la impresora industrial de etiquetas","datePublished":"2022-08-12T08:18:27+00:00","dateModified":"2022-08-12T08:18:28+00:00","mainEntityOfPage":{"@id":"https:\/\/jarltech.blog\/es\/drucksysteme\/la-entrevista-de-la-impresora-industrial-de-etiquetas"},"wordCount":679,"image":{"@id":"https:\/\/jarltech.blog\/es\/drucksysteme\/la-entrevista-de-la-impresora-industrial-de-etiquetas#primaryimage"},"thumbnailUrl":"https:\/\/jarltech.blog\/a\/wp-content\/uploads\/2022\/08\/Podest-2-Kandidaten_ES_Buehne_stuhl.png","articleSection":["Drucksysteme","Sistemas de impresi\u00f3n"],"inLanguage":"es-ES"},{"@type":"WebPage","@id":"https:\/\/jarltech.blog\/es\/drucksysteme\/la-entrevista-de-la-impresora-industrial-de-etiquetas","url":"https:\/\/jarltech.blog\/es\/drucksysteme\/la-entrevista-de-la-impresora-industrial-de-etiquetas","name":"La entrevista de la impresora industrial de etiquetas - Jarltech.blog","isPartOf":{"@id":"https:\/\/jarltech.blog\/#website"},"primaryImageOfPage":{"@id":"https:\/\/jarltech.blog\/es\/drucksysteme\/la-entrevista-de-la-impresora-industrial-de-etiquetas#primaryimage"},"image":{"@id":"https:\/\/jarltech.blog\/es\/drucksysteme\/la-entrevista-de-la-impresora-industrial-de-etiquetas#primaryimage"},"thumbnailUrl":"https:\/\/jarltech.blog\/a\/wp-content\/uploads\/2022\/08\/Podest-2-Kandidaten_ES_Buehne_stuhl.png","datePublished":"2022-08-12T08:18:27+00:00","dateModified":"2022-08-12T08:18:28+00:00","author":{"@id":"https:\/\/jarltech.blog\/#\/schema\/person\/50d89506c80af54b6d13083f30cdaa85"},"breadcrumb":{"@id":"https:\/\/jarltech.blog\/es\/drucksysteme\/la-entrevista-de-la-impresora-industrial-de-etiquetas#breadcrumb"},"inLanguage":"es-ES","potentialAction":[{"@type":"ReadAction","target":["https:\/\/jarltech.blog\/es\/drucksysteme\/la-entrevista-de-la-impresora-industrial-de-etiquetas"]}]},{"@type":"ImageObject","inLanguage":"es-ES","@id":"https:\/\/jarltech.blog\/es\/drucksysteme\/la-entrevista-de-la-impresora-industrial-de-etiquetas#primaryimage","url":"https:\/\/jarltech.blog\/a\/wp-content\/uploads\/2022\/08\/Podest-2-Kandidaten_ES_Buehne_stuhl.png","contentUrl":"https:\/\/jarltech.blog\/a\/wp-content\/uploads\/2022\/08\/Podest-2-Kandidaten_ES_Buehne_stuhl.png","width":1920,"height":714},{"@type":"BreadcrumbList","@id":"https:\/\/jarltech.blog\/es\/drucksysteme\/la-entrevista-de-la-impresora-industrial-de-etiquetas#breadcrumb","itemListElement":[{"@type":"ListItem","position":1,"name":"Startseite","item":"https:\/\/jarltech.blog\/es"},{"@type":"ListItem","position":2,"name":"La entrevista de la impresora industrial de etiquetas"}]},{"@type":"WebSite","@id":"https:\/\/jarltech.blog\/#website","url":"https:\/\/jarltech.blog\/","name":"Jarltech.blog","description":"","potentialAction":[{"@type":"SearchAction","target":{"@type":"EntryPoint","urlTemplate":"https:\/\/jarltech.blog\/?s={search_term_string}"},"query-input":{"@type":"PropertyValueSpecification","valueRequired":true,"valueName":"search_term_string"}}],"inLanguage":"es-ES"},{"@type":"Person","@id":"https:\/\/jarltech.blog\/#\/schema\/person\/50d89506c80af54b6d13083f30cdaa85","name":"Sarah Richard"}]}},"_links":{"self":[{"href":"https:\/\/jarltech.blog\/es\/wp-json\/wp\/v2\/posts\/21290","targetHints":{"allow":["GET"]}}],"collection":[{"href":"https:\/\/jarltech.blog\/es\/wp-json\/wp\/v2\/posts"}],"about":[{"href":"https:\/\/jarltech.blog\/es\/wp-json\/wp\/v2\/types\/post"}],"author":[{"embeddable":true,"href":"https:\/\/jarltech.blog\/es\/wp-json\/wp\/v2\/users\/17"}],"replies":[{"embeddable":true,"href":"https:\/\/jarltech.blog\/es\/wp-json\/wp\/v2\/comments?post=21290"}],"version-history":[{"count":2,"href":"https:\/\/jarltech.blog\/es\/wp-json\/wp\/v2\/posts\/21290\/revisions"}],"predecessor-version":[{"id":21410,"href":"https:\/\/jarltech.blog\/es\/wp-json\/wp\/v2\/posts\/21290\/revisions\/21410"}],"wp:featuredmedia":[{"embeddable":true,"href":"https:\/\/jarltech.blog\/es\/wp-json\/wp\/v2\/media\/21405"}],"wp:attachment":[{"href":"https:\/\/jarltech.blog\/es\/wp-json\/wp\/v2\/media?parent=21290"}],"wp:term":[{"taxonomy":"category","embeddable":true,"href":"https:\/\/jarltech.blog\/es\/wp-json\/wp\/v2\/categories?post=21290"},{"taxonomy":"post_tag","embeddable":true,"href":"https:\/\/jarltech.blog\/es\/wp-json\/wp\/v2\/tags?post=21290"}],"curies":[{"name":"wp","href":"https:\/\/api.w.org\/{rel}","templated":true}]}}